{"id":13524,"date":"2019-10-08T04:54:19","date_gmt":"2019-10-08T09:54:19","guid":{"rendered":"http:\/\/diariodigitalmx.com\/?p=13524"},"modified":"2019-10-08T04:58:10","modified_gmt":"2019-10-08T09:58:10","slug":"inicia-mujeres-en-movimiento","status":"publish","type":"post","link":"https:\/\/diariodigitalmx.com\/index.php\/2019\/10\/08\/inicia-mujeres-en-movimiento\/","title":{"rendered":"Inicia Mujeres en Movimiento nueva etapa de empoderamiento de la mujer"},"content":{"rendered":"\n<p>Mujeres en Movimiento de Movimiento Ciudadano declar\u00f3 simb\u00f3licamente inaugurado un nuevo&nbsp;cap\u00edtulo en la historia de M\u00e9xico el cual estar\u00e1 marcado por hacer escuchar la voz de todas las mujeres.<\/p>\n\n\n\n<p>Esta nueva etapa que vivir\u00e1 MC en Nuevo Le\u00f3n y que busca la compa\u00f1\u00eda de todas las mujeres, no solo del Estado sino&nbsp;de M\u00e9xico, fue lanzada con la conferencia denominada \u201c\u00bfQu\u00e9 esperar del nuevo Gobierno?: Equidad y&nbsp;Participaci\u00f3n\u201d.<\/p>\n\n\n\n<p>El evento fue encabezado por la Senadora de la Rep\u00fablica, Indira Kempis Mart\u00ednez, acompa\u00f1ada de los&nbsp;diputados locales Luis Donaldo Colosio, Mariela Saldivar, Karina Barr\u00f3n, Tabita Ortiz, Horacio Tijerina y Bonifacio&nbsp;Salinas, as\u00ed como cientos de militantes de MC en la entidad y p\u00fablico en general.<\/p>\n\n\n\n<p>La legisladora federal relat\u00f3 que durante su cierre de campa\u00f1a invit\u00f3 a su ahora compa\u00f1era de curul, Patricia\u00a0Mercado y ah\u00ed firmaron uno de los mayores compromisos en pro de la representatividad de la mujer.<\/p>\n\n\n\n<figure class=\"wp-block-image\"><img loading=\"lazy\" decoding=\"async\" width=\"512\" height=\"342\" src=\"http:\/\/diariodigitalmx.com\/wp-content\/uploads\/2019\/10\/3d4b2149e1675aa28138d08636db70e8039ccdf982d25f30d89c8d47743f1ddc.jpeg\" alt=\"\" class=\"wp-image-13532\" srcset=\"https:\/\/diariodigitalmx.com\/wp-content\/uploads\/2019\/10\/3d4b2149e1675aa28138d08636db70e8039ccdf982d25f30d89c8d47743f1ddc.jpeg 512w, https:\/\/diariodigitalmx.com\/wp-content\/uploads\/2019\/10\/3d4b2149e1675aa28138d08636db70e8039ccdf982d25f30d89c8d47743f1ddc-300x200.jpeg 300w\" sizes=\"(max-width: 512px) 100vw, 512px\" \/><\/figure>\n\n\n\n<p>\u201cLo firmamos y dijimos puntualmente, si llega una llegamos todas y bueno resulta que llegue al Senado, mi primera vez&nbsp;en pol\u00edtica, como quien llega a las olimpiadas, a la alberca m\u00e1s profunda, y sin saber nadar, entonces, en el frenes\u00ed de&nbsp;comenzar a entender ese mundo tan complejo, alguien me dijo, \u00bfte has dado cuenta que eres la Senadora de Nuevo&nbsp;Le\u00f3n?\u201d.<\/p>\n\n\n\n<p>\u201cEntonces, ser la Senadora de Nuevo Le\u00f3n me compromete todav\u00eda m\u00e1s y por eso me met\u00ed a la comisi\u00f3n de igualdad&nbsp;de genero, por eso hoy estamos aqu\u00ed, porque si llegaba esa persona que en este caso fui yo, por una lucha hist\u00f3rica,&nbsp;porque no nada m\u00e1s es casualidad, llegamos todas, todas las que hoy estamos aqu\u00ed\u201d.<\/p>\n\n\n\n<p>Kempis Mart\u00ednez se\u00f1al\u00f3 que desde la m\u00e1s alta tribuna de M\u00e9xico est\u00e1 representando la voz de todas las nuevoleon\u00e9sas&nbsp;y de todas las mujeres de M\u00e9xico que hoy quieren ser escuchadas.<\/p>\n\n\n\n<p>\u201cPor eso hoy inauguramos un nuevo capitulo de la historia del M\u00e9xico paritario que no es m\u00e1s que \u2018cabemos todas\u2019,&nbsp;porque ya llegamos, ya llegamos, ya estamos cada vez siendo m\u00e1s visibles, m\u00e1s determinantes en nuestras causas,&nbsp;m\u00e1s demandantes con aquello que nos duele y que compartidnos y que sabemos que nos reta todos los d\u00edas a poder&nbsp;asumir esa corresponsabilidad con honor, con \u00e9tica, con compromiso, porque en algunos a\u00f1os s\u00ed nos van a preguntar y&nbsp;cu\u00e1l fue la diferencia de que llegaran mujeres a los espacios de poder\u201d.<\/p>\n\n\n\n<p>\u201cPero no solamente que llegaran ellas o que llegaremos nosotras, sino acompa\u00f1adas, que esa es la red que hoy&nbsp;queremos tejer en Nuevo Le\u00f3n, desde Mujeres en Movimiento, de estar s\u00ed dentro, fuera, m\u00e1s afuera, a los lados, pero&nbsp;juntas y por eso cabemos todas\u201d.<\/p>\n\n\n\n<p>El evento cont\u00f3 con la presencia de la periodista, Denise&nbsp;Dresser y la diputada federal Martha Tagle, as\u00ed como representantes nacionales de Mujeres en Movimiento de&nbsp;Movimiento Ciudadano.<\/p>\n","protected":false},"excerpt":{"rendered":"<p>Mujeres en Movimiento de Movimiento Ciudadano declar\u00f3 simb\u00f3licamente inaugurado un nuevo&nbsp;cap\u00edtulo en la historia de M\u00e9xico el cual estar\u00e1 marcado por hacer escuchar la voz de todas las mujeres. Esta nueva etapa que vivir\u00e1 MC en Nuevo Le\u00f3n y que busca la compa\u00f1\u00eda de todas las mujeres, no solo del Estado sino&nbsp;de M\u00e9xico, fue lanzada [&hellip;]<\/p>\n","protected":false},"author":1,"featured_media":13530,"comment_status":"open","ping_status":"open","sticky":true,"template":"","format":"standard","meta":{"footnotes":""},"categories":[6],"tags":[],"_links":{"self":[{"href":"https:\/\/diariodigitalmx.com\/index.php\/wp-json\/wp\/v2\/posts\/13524"}],"collection":[{"href":"https:\/\/diariodigitalmx.com\/index.php\/wp-json\/wp\/v2\/posts"}],"about":[{"href":"https:\/\/diariodigitalmx.com\/index.php\/wp-json\/wp\/v2\/types\/post"}],"author":[{"embeddable":true,"href":"https:\/\/diariodigitalmx.com\/index.php\/wp-json\/wp\/v2\/users\/1"}],"replies":[{"embeddable":true,"href":"https:\/\/diariodigitalmx.com\/index.php\/wp-json\/wp\/v2\/comments?post=13524"}],"version-history":[{"count":5,"href":"https:\/\/diariodigitalmx.com\/index.php\/wp-json\/wp\/v2\/posts\/13524\/revisions"}],"predecessor-version":[{"id":13533,"href":"https:\/\/diariodigitalmx.com\/index.php\/wp-json\/wp\/v2\/posts\/13524\/revisions\/13533"}],"wp:featuredmedia":[{"embeddable":true,"href":"https:\/\/diariodigitalmx.com\/index.php\/wp-json\/wp\/v2\/media\/13530"}],"wp:attachment":[{"href":"https:\/\/diariodigitalmx.com\/index.php\/wp-json\/wp\/v2\/media?parent=13524"}],"wp:term":[{"taxonomy":"category","embeddable":true,"href":"https:\/\/diariodigitalmx.com\/index.php\/wp-json\/wp\/v2\/categories?post=13524"},{"taxonomy":"post_tag","embeddable":true,"href":"https:\/\/diariodigitalmx.com\/index.php\/wp-json\/wp\/v2\/tags?post=13524"}],"curies":[{"name":"wp","href":"https:\/\/api.w.org\/{rel}","templated":true}]}}