{"id":1353,"date":"2019-03-21T13:15:38","date_gmt":"2019-03-21T19:15:38","guid":{"rendered":"http:\/\/diariodigitalmx.com\/?p=1353"},"modified":"2019-03-21T13:15:39","modified_gmt":"2019-03-21T19:15:39","slug":"amlo-reitera-que-abrogara-reforma-educativa-y-descarta-represion-a-la-cnte","status":"publish","type":"post","link":"https:\/\/diariodigitalmx.com\/index.php\/2019\/03\/21\/amlo-reitera-que-abrogara-reforma-educativa-y-descarta-represion-a-la-cnte\/","title":{"rendered":"AMLO reitera que abrogar\u00e1 Reforma Educativa y descarta represi\u00f3n a la CNTE"},"content":{"rendered":"\n<p>El presidente Andr\u00e9s Manuel L\u00f3pez Obrador afirm\u00f3 que su gobierno est\u00e1 abierto al di\u00e1logo con el sector magisterial sobre el tema de la reforma educativa, por lo que llam\u00f3 al debate en todos los sectores, y dej\u00f3 en claro que no habr\u00e1 represi\u00f3n para ning\u00fan grupo.&nbsp;<\/p>\n\n\n\n<p>Luego de que, desde la v\u00edspera, integrantes de la Coordinadora Nacional de Trabajadores de la Educaci\u00f3n (CNTE) bloquearon el acceso a las c\u00e1maras de Diputados y de Senadores, este jueves el mandatario federal indic\u00f3 que instruy\u00f3 a los secretarios de Gobernaci\u00f3n y de Educaci\u00f3n a dialogar con los inconformes, a quienes refrend\u00f3 que cumplir\u00e1 su compromiso de abrogar la reforma educativa.<\/p>\n\n\n\n<p>\u201cNo s\u00e9 qu\u00e9 motiva este movimiento y quiero que se debata sobre este asunto de manera abierta al interior del movimiento magisterial\u2026 para que se defina una postura con claridad, porque esto es algo parecido a lo que suele pasar: que grupos que en apariencia son radicales, sus actitudes demuestran m\u00e1s su adhesi\u00f3n al conservadurismo, este es otros de los casos\u201d, expres\u00f3 en conferencia de prensa.<\/p>\n\n\n\n<p>Tras refrendar que en su gobierno no habr\u00e1 represi\u00f3n para nadie, pero que no hay grupos ni sindicatos favoritos, L\u00f3pez Obrador dijo que de ser necesario pedir\u00eda a los legisladores, tanto diputados como senadores, que no sesionen para evitar la confrontaci\u00f3n y garantizar la paz.<\/p>\n\n\n\n<p>En este sentido, qued\u00f3 abierta la posibilidad para que los maestros sostengan este di\u00e1logo con autoridades de la Secretar\u00eda de Educaci\u00f3n P\u00fablica (SEP) a las 10:00 horas en la sede de esta dependencia y puedan presentar el pliego de peticiones que tengan.<\/p>\n\n\n\n<p>\u201cMe dirijo a todo el magisterio nacional, a todos los trabajadores de la educaci\u00f3n, para que se deje de manifiesto con toda claridad que siempre hemos cumplido y vamos a seguir cumpliendo con nuestros compromisos; somos consecuentes no ahora, sino desde hace mucho tiempo que luchamos por la justicia y por una aut\u00e9ntica democracia\u201d, destac\u00f3 y reiter\u00f3 que se cancelar\u00e1 la reforma educativa.<\/p>\n\n\n\n<p>L\u00f3pez Obrador consider\u00f3 que actualmente ya no se puede ser \u201cun rebelde sin causa\u201d y actuar motivados por caprichos y sin argumentos, ya que el pueblo ya no lo permite, raz\u00f3n por la que hizo hincapi\u00e9 en que lo mejor es aclarar las cosas y avanzar hacia el di\u00e1logo.<\/p>\n\n\n\n<p>Asimismo, el mandatario cuestion\u00f3 si esta posici\u00f3n de los maestros inconformes &nbsp;fue consultada con las bases y si se estableci\u00f3 en una actitud democr\u00e1tica.<\/p>\n\n\n\n<p>L\u00f3pez Obrador se\u00f1al\u00f3 que la actitud de los maestros inconformes se puede deber a desinformaci\u00f3n, por lo que ser\u00eda necesaria una explicaci\u00f3n m\u00e1s clara, o bien a desconfianza, generada por muchos a\u00f1os de mentiras.<\/p>\n\n\n\n<p>En cualquier caso, enfatiz\u00f3 de nueva cuenta que, no se ordenar\u00e1 el uso de la fuerza, ya que este no es un gobierno represor y es necesario que cada quien asuma su responsabilidad.<\/p>\n\n\n\n<p>Respecto a los maestros inconformes que obstruyen instalaciones las c\u00e1maras de Diputados y de Senadores, L\u00f3pez Obrador solicit\u00f3 a los legisladores evaluar la pertinencia de en su caso no sesionar para evitar cualquier confrontaci\u00f3n, ya que lo mejor es la paz y la tranquilidad.<\/p>\n\n\n\n<p>El mandatario resalt\u00f3 la importancia de la iniciativa que se est\u00e1 impulsando, la cual plantea a la educaci\u00f3n como un derecho y no como un privilegio, mismo que deba garantizar el Estado.<\/p>\n\n\n\n<p>\u201cEsta es una gran reforma, porque todo el proceso en contra de la educaci\u00f3n p\u00fablica, gratuita y de calidad comenz\u00f3 con Salinas; siendo Zedillo secretario de Educaci\u00f3n, se reform\u00f3 el Art\u00edculo 3 para que la educaci\u00f3n fuese obligatoria, gratuita, solo en el nivel b\u00e1sico, y se empez\u00f3 a poner al mercado la educaci\u00f3n en el nivel medio superior y en el nivel superior\u201d, subray\u00f3.<\/p>\n\n\n\n<p>En otro tema, L\u00f3pez Obrador&nbsp;mencion\u00f3 que esta tarde sostendr\u00e1 un acto p\u00fabico para conmemorar un aniversario m\u00e1s del natalicio de Benito Ju\u00e1rez por lo que la atenci\u00f3n al problema de los maestros estar\u00e1 a cargo del titular de la SEP, Esteban Moctezuma Barrag\u00e1n y de gobernaci\u00f3n, Olga S\u00e1nchez Cordero.<\/p>\n\n\n\n<p>Record\u00f3 que como como todos los seres humanos, durante su mandato, Benito Ju\u00e1rez cometi\u00f3 errores. No obstante, fueron much\u00edsimos m\u00e1s sus aciertos y su honestidad, perseverancia y apego a sus principios, adem\u00e1s de la actitud estoica con la que soporto distintos sufrimientos.<\/p>\n","protected":false},"excerpt":{"rendered":"<p>El presidente Andr\u00e9s Manuel L\u00f3pez Obrador afirm\u00f3 que su gobierno est\u00e1 abierto al di\u00e1logo con el sector magisterial sobre el tema de la reforma educativa, por lo que llam\u00f3 al debate en todos los sectores, y dej\u00f3 en claro que no habr\u00e1 represi\u00f3n para ning\u00fan grupo.&nbsp; Luego de que, desde la v\u00edspera, integrantes de la [&hellip;]<\/p>\n","protected":false},"author":1,"featured_media":1354,"comment_status":"open","ping_status":"open","sticky":true,"template":"","format":"standard","meta":{"footnotes":""},"categories":[2,3],"tags":[],"_links":{"self":[{"href":"https:\/\/diariodigitalmx.com\/index.php\/wp-json\/wp\/v2\/posts\/1353"}],"collection":[{"href":"https:\/\/diariodigitalmx.com\/index.php\/wp-json\/wp\/v2\/posts"}],"about":[{"href":"https:\/\/diariodigitalmx.com\/index.php\/wp-json\/wp\/v2\/types\/post"}],"author":[{"embeddable":true,"href":"https:\/\/diariodigitalmx.com\/index.php\/wp-json\/wp\/v2\/users\/1"}],"replies":[{"embeddable":true,"href":"https:\/\/diariodigitalmx.com\/index.php\/wp-json\/wp\/v2\/comments?post=1353"}],"version-history":[{"count":1,"href":"https:\/\/diariodigitalmx.com\/index.php\/wp-json\/wp\/v2\/posts\/1353\/revisions"}],"predecessor-version":[{"id":1355,"href":"https:\/\/diariodigitalmx.com\/index.php\/wp-json\/wp\/v2\/posts\/1353\/revisions\/1355"}],"wp:featuredmedia":[{"embeddable":true,"href":"https:\/\/diariodigitalmx.com\/index.php\/wp-json\/wp\/v2\/media\/1354"}],"wp:attachment":[{"href":"https:\/\/diariodigitalmx.com\/index.php\/wp-json\/wp\/v2\/media?parent=1353"}],"wp:term":[{"taxonomy":"category","embeddable":true,"href":"https:\/\/diariodigitalmx.com\/index.php\/wp-json\/wp\/v2\/categories?post=1353"},{"taxonomy":"post_tag","embeddable":true,"href":"https:\/\/diariodigitalmx.com\/index.php\/wp-json\/wp\/v2\/tags?post=1353"}],"curies":[{"name":"wp","href":"https:\/\/api.w.org\/{rel}","templated":true}]}}