{"id":135535,"date":"2025-05-27T05:56:46","date_gmt":"2025-05-27T11:56:46","guid":{"rendered":"https:\/\/diariodigitalmx.com\/?p=135535"},"modified":"2025-05-27T06:08:48","modified_gmt":"2025-05-27T12:08:48","slug":"confrontacion","status":"publish","type":"post","link":"https:\/\/diariodigitalmx.com\/index.php\/2025\/05\/27\/confrontacion\/","title":{"rendered":"Confrontaci\u00f3n"},"content":{"rendered":"\n<p>De frente y de perfil<\/p>\n\n\n\n<p>Ram\u00f3n Zurita Sahag\u00fan<\/p>\n\n\n\n<p>Qu\u00e9 es m\u00e1s importante para ser gobernador de un estado ser un pol\u00edtico avezado con largos reconocimientos y altos estudios en universidades privadas y del extranjero o ser, simplemente, un operador pol\u00edtico con educaci\u00f3n b\u00e1sica.<\/p>\n\n\n\n<p>En Tabasco se analizan ambas cosas. Ad\u00e1n Augusto L\u00f3pez, hoy coordinador de los senadores de MORENA es un pol\u00edtico de amplia carrera que pas\u00f3 de ser subsecretario de Gobierno a&nbsp; la C\u00e1mara de Diputados, el Senado de la Rep\u00fablica antes de ser gobernador y que sus blasones le dan estudios en Francia y el actual gobernador de Tabasco Javier May Rodr\u00edguez, un personaje con m\u00ednima escolaridad, que se convirti\u00f3 en un eficaz operador pol\u00edtico y fue alcalde en dos ocasiones de uno de los 17 municipios del estado, pero creci\u00f3 para ser en un mismo sexenio, senador, subsecretario, secretario, director de Fonatur y hasta gobernador.<\/p>\n\n\n\n<p>Ad\u00e1n con un franc\u00e9s fluido y May corto de palabras han sido los dos senadores antes de llegar al gobierno estatal uno no fue el gobernador anhelado, al otro no lo dejan trabajar.<\/p>\n\n\n\n<p>La poblaci\u00f3n tabasque\u00f1a asediada por la delincuencia y la violencia sopesa las vertientes de los dos pol\u00edticos. Uno le mete el pie al otro, el segundo reclama airadamente y culpa al primero de ser el responsable de la ins\u00f3lita presencia del crimen organizado en la otrora tierra del Ed\u00e9n.<\/p>\n\n\n\n<p>Ambos se jactan de su cercan\u00eda con el fundador del partido en que militan y tienen raz\u00f3n, aunque la relaci\u00f3n cercana con la Presidenta Claudia Sheinbaum Pardo la tiene el actual gobernador.<\/p>\n\n\n\n<p>May se la jug\u00f3 con la candidatura de ella a la Presidencia de la Rep\u00fablica. Ad\u00e1n le disput\u00f3 la nominaci\u00f3n y puso trabas en su ruta, creyendo que ten\u00eda alguna posibilidad de convertirse en el candidato oficial de su partido y qued\u00f3 en el cuarto sitio de cinco competidores.<\/p>\n\n\n\n<p>El contraste entre uno y otro es abismal, aunque secretamente tienen un hilo conductor que no es precisamente L\u00f3pez Obrador y que puede ser el origen de su conforntaci\u00f3n. Ad\u00e1n era de maneras finas, aunque ya las cambi\u00f3 y hasta puede convertirse en un troglodita, seg\u00fan lo amerite la ocasi\u00f3n y los reclamos que le hagan. May es sumamente burdo en su trato y carece de formas.<\/p>\n\n\n\n<p>El coordinador de los senadores fue de una forma en su gobierno y cambi\u00f3 radicalmente cuando crey\u00f3 que hab\u00eda aprendido a volar y se convirti\u00f3 en otro personaje cuando asumi\u00f3 el control de la C\u00e1mara Alta.<\/p>\n\n\n\n<p>May se mantiene fuera del oropel que caracteriza a los cargos p\u00fablicos y mantiene una sencillez que le permite, por lo pronto, ser arropado por el pueblo.<\/p>\n\n\n\n<p>La disputa por el control de Tabasco se mantiene entre los grupos que encabezan ambos personajes, mientras que la delincuencia organizada avanza notablemente en el territorio.<\/p>\n\n\n\n<p>Ambos culpan al otro de ser responsable de la violencia durante su administraci\u00f3n, aunque la acusaci\u00f3n de May es m\u00e1s directa y se\u00f1ala los nexos de los operadores de Ad\u00e1n con el crimen organizado.<\/p>\n\n\n\n<p>La poblaci\u00f3n opina que Ad\u00e1n no hizo nada como gobernante. Su m\u00e1xima obra es un distribuidor vial y May se dice atado de manos, por el desastre dejado por su antecesor.<\/p>\n\n\n\n<p>Los resultados del anterior gobierno est\u00e1n a la vista y se habla de obras fantasmas y de un despilfarro de miles de millones de pesos que ninguna autoridad atender\u00eda ante posibles denuncias.<\/p>\n\n\n\n<p>Ahora ya se ver\u00e1 si Javier May es de verdad y puede combatir a la delincuencia organizada y frenar la violencia, ya que al estado le fue conferido el mando \u00fanico polic\u00edaco.<\/p>\n\n\n\n<p>Email:&nbsp;<a href=\"mailto:ramonzurita44@hotmail.com\" target=\"_blank\" rel=\"noreferrer noopener\">ramonzurita44@hotmail.com<\/a><\/p>\n\n\n\n<p>Email:&nbsp;<a href=\"mailto:ramonzurita44@gmail.com\" target=\"_blank\" rel=\"noreferrer noopener\">ramonzurita44@gmail.com<\/a><\/p>\n","protected":false},"excerpt":{"rendered":"<p>De frente y de perfil Ram\u00f3n Zurita Sahag\u00fan Qu\u00e9 es m\u00e1s importante para ser gobernador de un estado ser un pol\u00edtico avezado con largos reconocimientos y altos estudios en universidades privadas y del extranjero o ser, simplemente, un operador pol\u00edtico con educaci\u00f3n b\u00e1sica. En Tabasco se analizan ambas cosas. Ad\u00e1n Augusto L\u00f3pez, hoy coordinador de [&hellip;]<\/p>\n","protected":false},"author":1,"featured_media":135540,"comment_status":"open","ping_status":"open","sticky":false,"template":"","format":"standard","meta":{"footnotes":""},"categories":[12,5],"tags":[],"_links":{"self":[{"href":"https:\/\/diariodigitalmx.com\/index.php\/wp-json\/wp\/v2\/posts\/135535"}],"collection":[{"href":"https:\/\/diariodigitalmx.com\/index.php\/wp-json\/wp\/v2\/posts"}],"about":[{"href":"https:\/\/diariodigitalmx.com\/index.php\/wp-json\/wp\/v2\/types\/post"}],"author":[{"embeddable":true,"href":"https:\/\/diariodigitalmx.com\/index.php\/wp-json\/wp\/v2\/users\/1"}],"replies":[{"embeddable":true,"href":"https:\/\/diariodigitalmx.com\/index.php\/wp-json\/wp\/v2\/comments?post=135535"}],"version-history":[{"count":1,"href":"https:\/\/diariodigitalmx.com\/index.php\/wp-json\/wp\/v2\/posts\/135535\/revisions"}],"predecessor-version":[{"id":135536,"href":"https:\/\/diariodigitalmx.com\/index.php\/wp-json\/wp\/v2\/posts\/135535\/revisions\/135536"}],"wp:featuredmedia":[{"embeddable":true,"href":"https:\/\/diariodigitalmx.com\/index.php\/wp-json\/wp\/v2\/media\/135540"}],"wp:attachment":[{"href":"https:\/\/diariodigitalmx.com\/index.php\/wp-json\/wp\/v2\/media?parent=135535"}],"wp:term":[{"taxonomy":"category","embeddable":true,"href":"https:\/\/diariodigitalmx.com\/index.php\/wp-json\/wp\/v2\/categories?post=135535"},{"taxonomy":"post_tag","embeddable":true,"href":"https:\/\/diariodigitalmx.com\/index.php\/wp-json\/wp\/v2\/tags?post=135535"}],"curies":[{"name":"wp","href":"https:\/\/api.w.org\/{rel}","templated":true}]}}