{"id":135541,"date":"2025-05-27T06:17:00","date_gmt":"2025-05-27T12:17:00","guid":{"rendered":"https:\/\/diariodigitalmx.com\/?p=135541"},"modified":"2025-05-27T06:19:22","modified_gmt":"2025-05-27T12:19:22","slug":"fortalecen-ensenanza-del-idioma-frances-en-escuelas-normales-firman-convenio","status":"publish","type":"post","link":"https:\/\/diariodigitalmx.com\/index.php\/2025\/05\/27\/fortalecen-ensenanza-del-idioma-frances-en-escuelas-normales-firman-convenio\/","title":{"rendered":"Fortalecen ense\u00f1anza del idioma franc\u00e9s en escuelas normales; firman convenio"},"content":{"rendered":"\n<p><strong>Monterrey.-&nbsp;<\/strong>Con el objetivo de fomentar la ense\u00f1anza y certificaci\u00f3n del idioma franc\u00e9s entre docentes y estudiantes de las Instituciones Formadoras de Docentes p\u00fablicas, el Gobierno del Estado, a trav\u00e9s de la Secretar\u00eda de Educaci\u00f3n firm\u00f3 un convenio de colaboraci\u00f3n con la Alianza Francesa de Monterrey.<\/p>\n\n\n\n<p>En el acto protocolario estuvieron la Secretaria de Educaci\u00f3n, Sofialeticia Morales Garza; el Presidente de la Alianza Francesa, Virgilio Salvador Garza Zambrano; la Secretaria General del Ministerio para Europa y de Asuntos Exteriores, Anne-Marie Desc\u00f4tes; la Embajadora de Francia en M\u00e9xico, Delphine Borione y el C\u00f3nsul General de Francia en Monterrey, Guillaume Pierre, entre otras personalidades.<\/p>\n\n\n\n<p>Al respecto, la Secretaria de Educaci\u00f3n, Sofialeticia Morales Garza explic\u00f3 que con este convenio se fortalecer\u00e1n las pr\u00e1cticas pedag\u00f3gicas de las maestras y los maestros del idioma franc\u00e9s de las escuelas normales.<\/p>\n\n\n\n<p>Adicional a ello se llevar\u00e1n a cabo pruebas de entrenamiento, campamentos de verano para docentes, pruebas de entrenamiento para el Diplomado de Estudios en Lengua Francesa (DELF) nivel A2, taller de preparaci\u00f3n al DELF para estudiantes, ex\u00e1menes oficiales del DEFL A2, becas anuales para estudiantes destacados y asesor\u00edas pedag\u00f3gicas y orientaci\u00f3n en recursos did\u00e1cticos al profesorado de franc\u00e9s.<\/p>\n\n\n\n<figure class=\"wp-block-image size-large\"><img loading=\"lazy\" decoding=\"async\" width=\"1024\" height=\"682\" src=\"https:\/\/diariodigitalmx.com\/wp-content\/uploads\/2025\/05\/IMG-20250526-WA0108-1024x682.jpg\" alt=\"\" class=\"wp-image-135545\" srcset=\"https:\/\/diariodigitalmx.com\/wp-content\/uploads\/2025\/05\/IMG-20250526-WA0108-1024x682.jpg 1024w, https:\/\/diariodigitalmx.com\/wp-content\/uploads\/2025\/05\/IMG-20250526-WA0108-300x200.jpg 300w, https:\/\/diariodigitalmx.com\/wp-content\/uploads\/2025\/05\/IMG-20250526-WA0108-768x512.jpg 768w, https:\/\/diariodigitalmx.com\/wp-content\/uploads\/2025\/05\/IMG-20250526-WA0108-1536x1023.jpg 1536w, https:\/\/diariodigitalmx.com\/wp-content\/uploads\/2025\/05\/IMG-20250526-WA0108.jpg 1600w\" sizes=\"(max-width: 1024px) 100vw, 1024px\" \/><\/figure>\n\n\n\n<p>Es importante destacar que en agosto del 2023 inici\u00f3 el Programa de Franc\u00e9s en Escuelas Normales, teniendo un total de 369 estudiantes beneficiados y actualmente impacta a 431 alumnas y alumnos con la participaci\u00f3n de cinco Escuelas Normales.<\/p>\n\n\n\n<p>En la firma del convenio tambi\u00e9n estuvieron presentes el Director General del Instituto de Innovaci\u00f3n y Transferencia de Tecnolog\u00eda l\u2019I2T2, Jos\u00e9 Alfredo P\u00e9rez Bernal, adem\u00e1s de autoridades educativas de la Secretar\u00eda de Educaci\u00f3n, de las Instituciones Formadoras de Docentes, entre otros invitados especiales.<\/p>\n\n\n\n<p>Durante la ceremonia se devel\u00f3 la placa conmemorativa por el 80 aniversario de la Alianza Francesa de Monterrey, en la que los presentes se comprometieron a continuar fortaleciendo los lazos de cooperaci\u00f3n entre el Estado de Nuevo Le\u00f3n y la Embajada de la Rep\u00fablica Francesa.<\/p>\n","protected":false},"excerpt":{"rendered":"<p>Monterrey.-&nbsp;Con el objetivo de fomentar la ense\u00f1anza y certificaci\u00f3n del idioma franc\u00e9s entre docentes y estudiantes de las Instituciones Formadoras de Docentes p\u00fablicas, el Gobierno del Estado, a trav\u00e9s de la Secretar\u00eda de Educaci\u00f3n firm\u00f3 un convenio de colaboraci\u00f3n con la Alianza Francesa de Monterrey. En el acto protocolario estuvieron la Secretaria de Educaci\u00f3n, Sofialeticia [&hellip;]<\/p>\n","protected":false},"author":1,"featured_media":135543,"comment_status":"open","ping_status":"open","sticky":false,"template":"","format":"standard","meta":{"footnotes":""},"categories":[6],"tags":[],"_links":{"self":[{"href":"https:\/\/diariodigitalmx.com\/index.php\/wp-json\/wp\/v2\/posts\/135541"}],"collection":[{"href":"https:\/\/diariodigitalmx.com\/index.php\/wp-json\/wp\/v2\/posts"}],"about":[{"href":"https:\/\/diariodigitalmx.com\/index.php\/wp-json\/wp\/v2\/types\/post"}],"author":[{"embeddable":true,"href":"https:\/\/diariodigitalmx.com\/index.php\/wp-json\/wp\/v2\/users\/1"}],"replies":[{"embeddable":true,"href":"https:\/\/diariodigitalmx.com\/index.php\/wp-json\/wp\/v2\/comments?post=135541"}],"version-history":[{"count":2,"href":"https:\/\/diariodigitalmx.com\/index.php\/wp-json\/wp\/v2\/posts\/135541\/revisions"}],"predecessor-version":[{"id":135546,"href":"https:\/\/diariodigitalmx.com\/index.php\/wp-json\/wp\/v2\/posts\/135541\/revisions\/135546"}],"wp:featuredmedia":[{"embeddable":true,"href":"https:\/\/diariodigitalmx.com\/index.php\/wp-json\/wp\/v2\/media\/135543"}],"wp:attachment":[{"href":"https:\/\/diariodigitalmx.com\/index.php\/wp-json\/wp\/v2\/media?parent=135541"}],"wp:term":[{"taxonomy":"category","embeddable":true,"href":"https:\/\/diariodigitalmx.com\/index.php\/wp-json\/wp\/v2\/categories?post=135541"},{"taxonomy":"post_tag","embeddable":true,"href":"https:\/\/diariodigitalmx.com\/index.php\/wp-json\/wp\/v2\/tags?post=135541"}],"curies":[{"name":"wp","href":"https:\/\/api.w.org\/{rel}","templated":true}]}}