{"id":135558,"date":"2025-05-27T21:09:11","date_gmt":"2025-05-28T03:09:11","guid":{"rendered":"https:\/\/diariodigitalmx.com\/?p=135558"},"modified":"2025-05-27T21:24:02","modified_gmt":"2025-05-28T03:24:02","slug":"brinda-escobedo-a-mujeres-herramientas-de-autocuidado","status":"publish","type":"post","link":"https:\/\/diariodigitalmx.com\/index.php\/2025\/05\/27\/brinda-escobedo-a-mujeres-herramientas-de-autocuidado\/","title":{"rendered":"Brinda Escobedo a mujeres herramientas de autocuidado"},"content":{"rendered":"\n<figure class=\"wp-block-image size-large\"><img loading=\"lazy\" decoding=\"async\" width=\"1024\" height=\"683\" src=\"https:\/\/diariodigitalmx.com\/wp-content\/uploads\/2025\/05\/UAV9663-1024x683.jpg\" alt=\"\" class=\"wp-image-135560\" srcset=\"https:\/\/diariodigitalmx.com\/wp-content\/uploads\/2025\/05\/UAV9663-1024x683.jpg 1024w, https:\/\/diariodigitalmx.com\/wp-content\/uploads\/2025\/05\/UAV9663-300x200.jpg 300w, https:\/\/diariodigitalmx.com\/wp-content\/uploads\/2025\/05\/UAV9663-768x512.jpg 768w, https:\/\/diariodigitalmx.com\/wp-content\/uploads\/2025\/05\/UAV9663-1536x1024.jpg 1536w, https:\/\/diariodigitalmx.com\/wp-content\/uploads\/2025\/05\/UAV9663-2048x1365.jpg 2048w\" sizes=\"(max-width: 1024px) 100vw, 1024px\" \/><\/figure>\n\n\n\n<p>Con el objetivo de fortalecer el bienestar integral de las mujeres del municipio, la Secretar\u00eda de la Mujer de Escobedo realiz\u00f3 este martes el taller \u201cConectando conmigo\u201d, un espacio enfocado en el autocuidado y la salud emocional.<br>El taller que tuvo lugar en el Patio Central de la Presidencia tuvo como prop\u00f3sito impulsar el desarrollo de habilidades emocionales y brindar estrategias pr\u00e1cticas de autocuidado, con el fin de que las asistentes<br>aprendieran a gestionar sus emociones, mejorar su salud mental y fomentar relaciones interpersonales sanas.<br>A trav\u00e9s de este enfoque integral, se busca contribuir a la construcci\u00f3n de una comunidad m\u00e1s positiva y resiliente.<\/p>\n\n\n\n<figure class=\"wp-block-image size-large\"><img loading=\"lazy\" decoding=\"async\" width=\"1024\" height=\"683\" src=\"https:\/\/diariodigitalmx.com\/wp-content\/uploads\/2025\/05\/Q9A9742-1024x683.jpg\" alt=\"\" class=\"wp-image-135561\" srcset=\"https:\/\/diariodigitalmx.com\/wp-content\/uploads\/2025\/05\/Q9A9742-1024x683.jpg 1024w, https:\/\/diariodigitalmx.com\/wp-content\/uploads\/2025\/05\/Q9A9742-300x200.jpg 300w, https:\/\/diariodigitalmx.com\/wp-content\/uploads\/2025\/05\/Q9A9742-768x512.jpg 768w, https:\/\/diariodigitalmx.com\/wp-content\/uploads\/2025\/05\/Q9A9742-1536x1024.jpg 1536w, https:\/\/diariodigitalmx.com\/wp-content\/uploads\/2025\/05\/Q9A9742-2048x1366.jpg 2048w\" sizes=\"(max-width: 1024px) 100vw, 1024px\" \/><\/figure>\n\n\n\n<p>Esta jornada de reflexi\u00f3n, aprendizaje y sanaci\u00f3n cont\u00f3 con la participaci\u00f3n de las conferencistas M\u00f3nica Contreras y Flor Patricia Mora, quienes guiaron a las asistentes en din\u00e1micas enfocadas al autoconocimiento, la expresi\u00f3n emocional y la reconexi\u00f3n con su bienestar personal.<br>Como parte de las actividades, se integraron herramientas terap\u00e9uticas innovadoras como la terapia del cacao y la terapia del sonido. Estas experiencias ofrecieron a las participantes momentos de introspecci\u00f3n<br>profunda, ayud\u00e1ndoles a reducir el estr\u00e9s y la ansiedad, desde un enfoque amoroso y consciente.<\/p>\n\n\n\n<figure class=\"wp-block-image size-large\"><img loading=\"lazy\" decoding=\"async\" width=\"1024\" height=\"683\" src=\"https:\/\/diariodigitalmx.com\/wp-content\/uploads\/2025\/05\/Q9A9823-1024x683.jpg\" alt=\"\" class=\"wp-image-135563\" srcset=\"https:\/\/diariodigitalmx.com\/wp-content\/uploads\/2025\/05\/Q9A9823-1024x683.jpg 1024w, https:\/\/diariodigitalmx.com\/wp-content\/uploads\/2025\/05\/Q9A9823-300x200.jpg 300w, https:\/\/diariodigitalmx.com\/wp-content\/uploads\/2025\/05\/Q9A9823-768x512.jpg 768w, https:\/\/diariodigitalmx.com\/wp-content\/uploads\/2025\/05\/Q9A9823-1536x1024.jpg 1536w, https:\/\/diariodigitalmx.com\/wp-content\/uploads\/2025\/05\/Q9A9823-2048x1365.jpg 2048w\" sizes=\"(max-width: 1024px) 100vw, 1024px\" \/><\/figure>\n\n\n\n<p>Magdalena Mart\u00ednez, Secretaria de la Mujer de Escobedo, estuvo presente durante el taller y destac\u00f3 la importancia de generar espacios seguros donde las mujeres puedan fortalecerse emocionalmente.<br>La 4T Norte\u00f1a reconoce que el bienestar y empoderamiento de las mujeres es un pilar fundamental para la transformaci\u00f3n social, por ello, se contin\u00faa trabajando desde la Secretar\u00eda de la Mujer para crear oportunidades reales que impulsen su desarrollo emocional, f\u00edsico y comunitario.<\/p>\n","protected":false},"excerpt":{"rendered":"<p>Con el objetivo de fortalecer el bienestar integral de las mujeres del municipio, la Secretar\u00eda de la Mujer de Escobedo realiz\u00f3 este martes el taller \u201cConectando conmigo\u201d, un espacio enfocado en el autocuidado y la salud emocional.El taller que tuvo lugar en el Patio Central de la Presidencia tuvo como prop\u00f3sito impulsar el desarrollo de [&hellip;]<\/p>\n","protected":false},"author":1,"featured_media":135575,"comment_status":"open","ping_status":"open","sticky":false,"template":"","format":"standard","meta":{"footnotes":""},"categories":[6],"tags":[],"_links":{"self":[{"href":"https:\/\/diariodigitalmx.com\/index.php\/wp-json\/wp\/v2\/posts\/135558"}],"collection":[{"href":"https:\/\/diariodigitalmx.com\/index.php\/wp-json\/wp\/v2\/posts"}],"about":[{"href":"https:\/\/diariodigitalmx.com\/index.php\/wp-json\/wp\/v2\/types\/post"}],"author":[{"embeddable":true,"href":"https:\/\/diariodigitalmx.com\/index.php\/wp-json\/wp\/v2\/users\/1"}],"replies":[{"embeddable":true,"href":"https:\/\/diariodigitalmx.com\/index.php\/wp-json\/wp\/v2\/comments?post=135558"}],"version-history":[{"count":2,"href":"https:\/\/diariodigitalmx.com\/index.php\/wp-json\/wp\/v2\/posts\/135558\/revisions"}],"predecessor-version":[{"id":135564,"href":"https:\/\/diariodigitalmx.com\/index.php\/wp-json\/wp\/v2\/posts\/135558\/revisions\/135564"}],"wp:featuredmedia":[{"embeddable":true,"href":"https:\/\/diariodigitalmx.com\/index.php\/wp-json\/wp\/v2\/media\/135575"}],"wp:attachment":[{"href":"https:\/\/diariodigitalmx.com\/index.php\/wp-json\/wp\/v2\/media?parent=135558"}],"wp:term":[{"taxonomy":"category","embeddable":true,"href":"https:\/\/diariodigitalmx.com\/index.php\/wp-json\/wp\/v2\/categories?post=135558"},{"taxonomy":"post_tag","embeddable":true,"href":"https:\/\/diariodigitalmx.com\/index.php\/wp-json\/wp\/v2\/tags?post=135558"}],"curies":[{"name":"wp","href":"https:\/\/api.w.org\/{rel}","templated":true}]}}