{"id":135576,"date":"2025-05-27T21:32:41","date_gmt":"2025-05-28T03:32:41","guid":{"rendered":"https:\/\/diariodigitalmx.com\/?p=135576"},"modified":"2025-05-27T21:33:18","modified_gmt":"2025-05-28T03:33:18","slug":"ser-adulto-mayor-no-es-motivo-de-despido-laboral-mauro-guerra","status":"publish","type":"post","link":"https:\/\/diariodigitalmx.com\/index.php\/2025\/05\/27\/ser-adulto-mayor-no-es-motivo-de-despido-laboral-mauro-guerra\/","title":{"rendered":"Ser adulto mayor, no es motivo de despido laboral: Mauro Guerra"},"content":{"rendered":"\n<p>El Congreso del Estado aprob\u00f3 reformas a la Ley de Fomento a la Inversi\u00f3n y al Empleo, para que los adultos mayores puedan permanecer en sus centros laborales, y no sean dadas de baja por motivos de su edad, discapacidad o padecer una enfermedad cr\u00f3nica.<\/p>\n\n\n\n<p>Las modificaciones a la ley fueron promovidas por Mauro Guerra Villarreal, diputado del Partido Acci\u00f3n Nacional, quien destac\u00f3 que las personas no deben ser despedidas de sus empleos por condiciones ajenas a su capacidad laboral.<\/p>\n\n\n\n<p>\u201cEn el Congreso de Nuevo Le\u00f3n dimos un paso firme en materia laboral al aprobar esta reforma en donde se proh\u00edbe cualquier forma de discriminaci\u00f3n laboral, ya sea por edad, por discapacidad o alguna condici\u00f3n de salud cr\u00f3nica.<\/p>\n\n\n\n<p>\u201cEsta reforma lo que busca es garantizar que nadie sea excluido del acceso, la permanencia y el desarrollo en un empleo por motivos que no definan su talento o su capacidad.\u201d<\/p>\n\n\n\n<p>Guerra Villarreal manifest\u00f3 que desde el Grupo Legislativo del Partido Acci\u00f3n Nacional se seguir\u00e1n impulsando leyes que promuevan la igualdad de oportunidades y el respeto a la dignidad humana-<\/p>\n\n\n\n<p>El diputado del Partido Acci\u00f3n Nacional asegur\u00f3 una sociedad verdaderamente fuerte es aquella que incluye y valora a todas las personas por el talento que han desarrollado a lo largo de su vida.<\/p>\n\n\n\n<p>La experiencia y el conocimiento acumulado de los trabajadores adultos mayores, representan un recurso invaluable para las empresas, y su exclusi\u00f3n reflejar\u00eda una visi\u00f3n cortoplacista y discriminatoria, resalt\u00f3.<\/p>\n","protected":false},"excerpt":{"rendered":"<p>El Congreso del Estado aprob\u00f3 reformas a la Ley de Fomento a la Inversi\u00f3n y al Empleo, para que los adultos mayores puedan permanecer en sus centros laborales, y no sean dadas de baja por motivos de su edad, discapacidad o padecer una enfermedad cr\u00f3nica. Las modificaciones a la ley fueron promovidas por Mauro Guerra [&hellip;]<\/p>\n","protected":false},"author":1,"featured_media":135578,"comment_status":"open","ping_status":"open","sticky":false,"template":"","format":"standard","meta":{"footnotes":""},"categories":[6],"tags":[],"_links":{"self":[{"href":"https:\/\/diariodigitalmx.com\/index.php\/wp-json\/wp\/v2\/posts\/135576"}],"collection":[{"href":"https:\/\/diariodigitalmx.com\/index.php\/wp-json\/wp\/v2\/posts"}],"about":[{"href":"https:\/\/diariodigitalmx.com\/index.php\/wp-json\/wp\/v2\/types\/post"}],"author":[{"embeddable":true,"href":"https:\/\/diariodigitalmx.com\/index.php\/wp-json\/wp\/v2\/users\/1"}],"replies":[{"embeddable":true,"href":"https:\/\/diariodigitalmx.com\/index.php\/wp-json\/wp\/v2\/comments?post=135576"}],"version-history":[{"count":1,"href":"https:\/\/diariodigitalmx.com\/index.php\/wp-json\/wp\/v2\/posts\/135576\/revisions"}],"predecessor-version":[{"id":135577,"href":"https:\/\/diariodigitalmx.com\/index.php\/wp-json\/wp\/v2\/posts\/135576\/revisions\/135577"}],"wp:featuredmedia":[{"embeddable":true,"href":"https:\/\/diariodigitalmx.com\/index.php\/wp-json\/wp\/v2\/media\/135578"}],"wp:attachment":[{"href":"https:\/\/diariodigitalmx.com\/index.php\/wp-json\/wp\/v2\/media?parent=135576"}],"wp:term":[{"taxonomy":"category","embeddable":true,"href":"https:\/\/diariodigitalmx.com\/index.php\/wp-json\/wp\/v2\/categories?post=135576"},{"taxonomy":"post_tag","embeddable":true,"href":"https:\/\/diariodigitalmx.com\/index.php\/wp-json\/wp\/v2\/tags?post=135576"}],"curies":[{"name":"wp","href":"https:\/\/api.w.org\/{rel}","templated":true}]}}