{"id":135594,"date":"2025-05-28T19:13:25","date_gmt":"2025-05-29T01:13:25","guid":{"rendered":"https:\/\/diariodigitalmx.com\/?p=135594"},"modified":"2025-05-28T19:16:22","modified_gmt":"2025-05-29T01:16:22","slug":"gabino-calderon-recorrio-el-distrito-2-en-moto-y-scooter-surgido-de-las-bases-busca-ser-magistrado-en-materia-del-trabajo","status":"publish","type":"post","link":"https:\/\/diariodigitalmx.com\/index.php\/2025\/05\/28\/gabino-calderon-recorrio-el-distrito-2-en-moto-y-scooter-surgido-de-las-bases-busca-ser-magistrado-en-materia-del-trabajo\/","title":{"rendered":"Gabino Calder\u00f3n, recorri\u00f3 el Distrito 2 en Moto y Scooter; surgido de las bases busca ser Magistrado en Materia del Trabajo"},"content":{"rendered":"\n<p>Adri\u00e1n Gabino Calder\u00f3n Espinoza, es candidato a Magistrado en Materia del Trabajo, por el Distrito 2 del Poder Judicial&nbsp; y quiere alcanzar el cargo para acercar la justicia a los grupos m\u00e1s vulnerables, hasta hoy desprotegidos.<\/p>\n\n\n\n<p>Este joven candidato es Contador P\u00fablico y Abogado, con maestr\u00eda en estrategias fiscales&nbsp; y tiene amplia experiencia en el mundo laboral.<\/p>\n\n\n\n<p>Quiere ganar la elecci\u00f3n para acabar con la corrupci\u00f3n, y que la justicia sea en verdad expedita transparente y se protejan a los derechos de los m\u00e1s vulnerables, que llegue a todos los rincones del estado de Nuevo Le\u00f3n.<\/p>\n\n\n\n<figure class=\"wp-block-image size-full\"><img loading=\"lazy\" decoding=\"async\" width=\"719\" height=\"547\" src=\"https:\/\/diariodigitalmx.com\/wp-content\/uploads\/2025\/05\/Screenshot_20250528_173854_Facebook.jpg\" alt=\"\" class=\"wp-image-135599\" srcset=\"https:\/\/diariodigitalmx.com\/wp-content\/uploads\/2025\/05\/Screenshot_20250528_173854_Facebook.jpg 719w, https:\/\/diariodigitalmx.com\/wp-content\/uploads\/2025\/05\/Screenshot_20250528_173854_Facebook-300x228.jpg 300w\" sizes=\"(max-width: 719px) 100vw, 719px\" \/><\/figure>\n\n\n\n<p>Calder\u00f3n, fue invitado al programa radial punto de Enlace, en la Ranchera de Monterrey, donde solicito el voto a la poblaci\u00f3n mediante la identificaci\u00f3n de su nombre en la boleta rosa escribiendo el n\u00famero 14, en el \u00faltimo recuadro derecho.<\/p>\n\n\n\n<p>Propone cercan\u00eda transparencia, participaci\u00f3n ciudadana y mecanismos que impidan los abusos a los ciudadanos indefensos ante personas sin escr\u00fapulos.<\/p>\n\n\n\n<p>Calder\u00f3n Espinoza, quien ha recorrido el Distrito 2, en motocicleta y scooter el\u00e9ctrico fue solo en busca del voto y constrast\u00f3 su presencia con el perfil de privilegios poder econ\u00f3mico y vanidad de otros aspirantes que est\u00e1n arropados.<\/p>\n","protected":false},"excerpt":{"rendered":"<p>Adri\u00e1n Gabino Calder\u00f3n Espinoza, es candidato a Magistrado en Materia del Trabajo, por el Distrito 2 del Poder Judicial&nbsp; y quiere alcanzar el cargo para acercar la justicia a los grupos m\u00e1s vulnerables, hasta hoy desprotegidos. Este joven candidato es Contador P\u00fablico y Abogado, con maestr\u00eda en estrategias fiscales&nbsp; y tiene amplia experiencia en el [&hellip;]<\/p>\n","protected":false},"author":1,"featured_media":135597,"comment_status":"open","ping_status":"open","sticky":false,"template":"","format":"standard","meta":{"footnotes":""},"categories":[6],"tags":[],"_links":{"self":[{"href":"https:\/\/diariodigitalmx.com\/index.php\/wp-json\/wp\/v2\/posts\/135594"}],"collection":[{"href":"https:\/\/diariodigitalmx.com\/index.php\/wp-json\/wp\/v2\/posts"}],"about":[{"href":"https:\/\/diariodigitalmx.com\/index.php\/wp-json\/wp\/v2\/types\/post"}],"author":[{"embeddable":true,"href":"https:\/\/diariodigitalmx.com\/index.php\/wp-json\/wp\/v2\/users\/1"}],"replies":[{"embeddable":true,"href":"https:\/\/diariodigitalmx.com\/index.php\/wp-json\/wp\/v2\/comments?post=135594"}],"version-history":[{"count":2,"href":"https:\/\/diariodigitalmx.com\/index.php\/wp-json\/wp\/v2\/posts\/135594\/revisions"}],"predecessor-version":[{"id":135600,"href":"https:\/\/diariodigitalmx.com\/index.php\/wp-json\/wp\/v2\/posts\/135594\/revisions\/135600"}],"wp:featuredmedia":[{"embeddable":true,"href":"https:\/\/diariodigitalmx.com\/index.php\/wp-json\/wp\/v2\/media\/135597"}],"wp:attachment":[{"href":"https:\/\/diariodigitalmx.com\/index.php\/wp-json\/wp\/v2\/media?parent=135594"}],"wp:term":[{"taxonomy":"category","embeddable":true,"href":"https:\/\/diariodigitalmx.com\/index.php\/wp-json\/wp\/v2\/categories?post=135594"},{"taxonomy":"post_tag","embeddable":true,"href":"https:\/\/diariodigitalmx.com\/index.php\/wp-json\/wp\/v2\/tags?post=135594"}],"curies":[{"name":"wp","href":"https:\/\/api.w.org\/{rel}","templated":true}]}}