{"id":135601,"date":"2025-05-28T20:00:07","date_gmt":"2025-05-29T02:00:07","guid":{"rendered":"https:\/\/diariodigitalmx.com\/?p=135601"},"modified":"2025-05-28T20:03:47","modified_gmt":"2025-05-29T02:03:47","slug":"fortalece-escobedo-casa-rosa-paso-firme-contra-el-cancer-de-mama","status":"publish","type":"post","link":"https:\/\/diariodigitalmx.com\/index.php\/2025\/05\/28\/fortalece-escobedo-casa-rosa-paso-firme-contra-el-cancer-de-mama\/","title":{"rendered":"Fortalece Escobedo Casa Rosa; paso firme contra el c\u00e1ncer de mama"},"content":{"rendered":"\n<figure class=\"wp-block-image size-large\"><img loading=\"lazy\" decoding=\"async\" width=\"1024\" height=\"683\" src=\"https:\/\/diariodigitalmx.com\/wp-content\/uploads\/2025\/05\/UAV9720-1024x683.jpg\" alt=\"\" class=\"wp-image-135603\" srcset=\"https:\/\/diariodigitalmx.com\/wp-content\/uploads\/2025\/05\/UAV9720-1024x683.jpg 1024w, https:\/\/diariodigitalmx.com\/wp-content\/uploads\/2025\/05\/UAV9720-300x200.jpg 300w, https:\/\/diariodigitalmx.com\/wp-content\/uploads\/2025\/05\/UAV9720-768x512.jpg 768w, https:\/\/diariodigitalmx.com\/wp-content\/uploads\/2025\/05\/UAV9720-1536x1024.jpg 1536w, https:\/\/diariodigitalmx.com\/wp-content\/uploads\/2025\/05\/UAV9720-2048x1365.jpg 2048w\" sizes=\"(max-width: 1024px) 100vw, 1024px\" \/><\/figure>\n\n\n\n<p>Con el compromiso de apoyar y acompa\u00f1ar \u00edntegramente a mujeres que padecen o han padecido C\u00e1ncer de Mama, el Gobierno de Escobedo inaugur\u00f3 la ampliaci\u00f3n de la Casa en Rosa, un espacio integral que<br>simboliza esperanza, dignidad y respaldo para quienes enfrentan esta lucha.<br>Este mi\u00e9rcoles el Alcalde Andr\u00e9s Mijes junto a usuarias de Casa en Rosa inauguraron oficialmente las nuevas instalaciones que se remodelaron y con las cuales podr\u00e1n disfrutar de m\u00e1s servicios.<\/p>\n\n\n\n<figure class=\"wp-block-image size-large\"><img loading=\"lazy\" decoding=\"async\" width=\"1024\" height=\"683\" src=\"https:\/\/diariodigitalmx.com\/wp-content\/uploads\/2025\/05\/Q9A9914-1024x683.jpg\" alt=\"\" class=\"wp-image-135606\" srcset=\"https:\/\/diariodigitalmx.com\/wp-content\/uploads\/2025\/05\/Q9A9914-1024x683.jpg 1024w, https:\/\/diariodigitalmx.com\/wp-content\/uploads\/2025\/05\/Q9A9914-300x200.jpg 300w, https:\/\/diariodigitalmx.com\/wp-content\/uploads\/2025\/05\/Q9A9914-768x512.jpg 768w, https:\/\/diariodigitalmx.com\/wp-content\/uploads\/2025\/05\/Q9A9914-1536x1024.jpg 1536w, https:\/\/diariodigitalmx.com\/wp-content\/uploads\/2025\/05\/Q9A9914-2048x1365.jpg 2048w\" sizes=\"(max-width: 1024px) 100vw, 1024px\" \/><\/figure>\n\n\n\n<p>Durante el evento, Mijes destac\u00f3 que esta renovaci\u00f3n est\u00e1 alineada con las pol\u00edticas de bienestar impulsadas por la Presidenta Claudia Sheinbaum, quien ha dejado claro que su proyecto busca construir un pa\u00eds m\u00e1s justo, incluyente y de bienestar compartido.<br>\u201cHoy ampliamos estas instalaciones porque es un acto de justicia, de humanismo, de solidaridad que ustedes tengan los espacios que merecen.<br>Ustedes est\u00e1n dando una gran pelea y nosotros las acompa\u00f1amos en su lucha vital, y s\u00e9 que juntos podremos lograr mucho\u201d, se\u00f1al\u00f3 el Edil.<br>La Casa en Rosa no es solo un edificio, es un refugio emocional, f\u00edsico y psicol\u00f3gico para cientos de mujeres que enfrentan el c\u00e1ncer de mama, a\u00f1adi\u00f3 el Edil.<br>Gracias a una inversi\u00f3n de m\u00e1s de 4 millones de pesos, esta ampliaci\u00f3n contempla un nuevo sal\u00f3n polivalente, la remodelaci\u00f3n de espacios internos para contar ahora con consultorios para dar una atenci\u00f3n personalizada a las usuarias y una nueva \u00e1rea de jard\u00edn para realizar actividades terap\u00e9uticas y recreativas, as\u00ed como ba\u00f1os adicionales que permitir\u00e1n brindar una atenci\u00f3n m\u00e1s c\u00f3moda.<\/p>\n\n\n\n<figure class=\"wp-block-image size-large\"><img loading=\"lazy\" decoding=\"async\" width=\"1024\" height=\"683\" src=\"https:\/\/diariodigitalmx.com\/wp-content\/uploads\/2025\/05\/Q9A0018-1024x683.jpg\" alt=\"\" class=\"wp-image-135604\" srcset=\"https:\/\/diariodigitalmx.com\/wp-content\/uploads\/2025\/05\/Q9A0018-1024x683.jpg 1024w, https:\/\/diariodigitalmx.com\/wp-content\/uploads\/2025\/05\/Q9A0018-300x200.jpg 300w, https:\/\/diariodigitalmx.com\/wp-content\/uploads\/2025\/05\/Q9A0018-768x512.jpg 768w, https:\/\/diariodigitalmx.com\/wp-content\/uploads\/2025\/05\/Q9A0018-1536x1024.jpg 1536w, https:\/\/diariodigitalmx.com\/wp-content\/uploads\/2025\/05\/Q9A0018-2048x1365.jpg 2048w\" sizes=\"(max-width: 1024px) 100vw, 1024px\" \/><\/figure>\n\n\n\n<p>Este proyecto se suma a los esfuerzos del modelo de la 4T Norte\u00f1a, que impulsa un desarrollo con justicia social desde el norte del Pa\u00eds, donde la prosperidad generada se traducir\u00e1 directamente en m\u00e1s beneficios para las mujeres, como el incremento en la entrega de kits oncol\u00f3gicos y la realizaci\u00f3n de mastograf\u00edas preventivas.<br>Con esta ampliaci\u00f3n, el Municipio de Escobedo refuerza su compromiso de atender con sensibilidad y responsabilidad una de las problem\u00e1ticas de salud m\u00e1s importantes que afectan a las mujeres, ofreciendo un espacio humano donde cada paciente es tratada con respeto, empat\u00eda y solidaridad.<\/p>\n","protected":false},"excerpt":{"rendered":"<p>Con el compromiso de apoyar y acompa\u00f1ar \u00edntegramente a mujeres que padecen o han padecido C\u00e1ncer de Mama, el Gobierno de Escobedo inaugur\u00f3 la ampliaci\u00f3n de la Casa en Rosa, un espacio integral quesimboliza esperanza, dignidad y respaldo para quienes enfrentan esta lucha.Este mi\u00e9rcoles el Alcalde Andr\u00e9s Mijes junto a usuarias de Casa en Rosa [&hellip;]<\/p>\n","protected":false},"author":1,"featured_media":135608,"comment_status":"open","ping_status":"open","sticky":false,"template":"","format":"standard","meta":{"footnotes":""},"categories":[6],"tags":[],"_links":{"self":[{"href":"https:\/\/diariodigitalmx.com\/index.php\/wp-json\/wp\/v2\/posts\/135601"}],"collection":[{"href":"https:\/\/diariodigitalmx.com\/index.php\/wp-json\/wp\/v2\/posts"}],"about":[{"href":"https:\/\/diariodigitalmx.com\/index.php\/wp-json\/wp\/v2\/types\/post"}],"author":[{"embeddable":true,"href":"https:\/\/diariodigitalmx.com\/index.php\/wp-json\/wp\/v2\/users\/1"}],"replies":[{"embeddable":true,"href":"https:\/\/diariodigitalmx.com\/index.php\/wp-json\/wp\/v2\/comments?post=135601"}],"version-history":[{"count":2,"href":"https:\/\/diariodigitalmx.com\/index.php\/wp-json\/wp\/v2\/posts\/135601\/revisions"}],"predecessor-version":[{"id":135607,"href":"https:\/\/diariodigitalmx.com\/index.php\/wp-json\/wp\/v2\/posts\/135601\/revisions\/135607"}],"wp:featuredmedia":[{"embeddable":true,"href":"https:\/\/diariodigitalmx.com\/index.php\/wp-json\/wp\/v2\/media\/135608"}],"wp:attachment":[{"href":"https:\/\/diariodigitalmx.com\/index.php\/wp-json\/wp\/v2\/media?parent=135601"}],"wp:term":[{"taxonomy":"category","embeddable":true,"href":"https:\/\/diariodigitalmx.com\/index.php\/wp-json\/wp\/v2\/categories?post=135601"},{"taxonomy":"post_tag","embeddable":true,"href":"https:\/\/diariodigitalmx.com\/index.php\/wp-json\/wp\/v2\/tags?post=135601"}],"curies":[{"name":"wp","href":"https:\/\/api.w.org\/{rel}","templated":true}]}}