{"id":135717,"date":"2025-05-30T23:07:01","date_gmt":"2025-05-31T05:07:01","guid":{"rendered":"https:\/\/diariodigitalmx.com\/?p=135717"},"modified":"2025-05-30T23:33:49","modified_gmt":"2025-05-31T05:33:49","slug":"entrega-monterrey-medalla-al-merito-deportivo-a-tres-atletas","status":"publish","type":"post","link":"https:\/\/diariodigitalmx.com\/index.php\/2025\/05\/30\/entrega-monterrey-medalla-al-merito-deportivo-a-tres-atletas\/","title":{"rendered":"Entrega Monterrey Medalla al M\u00e9rito Deportivo a tres atletas"},"content":{"rendered":"\n<p>Tres destacados j\u00f3venes atletas fueron reconocidos este viernes en sesi\u00f3n Solemne de Cabildo por el Ayuntamiento de Monterrey con la medalla al M\u00e9rito Deportivo \u201c\u00c1ngel Mac\u00edas Barba\u201d edici\u00f3n 2025.<\/p>\n\n\n\n<p>El alcalde Adri\u00e1n de la Garza Santos entreg\u00f3 las preseas alusivas y los felicit\u00f3 por sus exitosas actuaciones en competencias a nivel internacional.<\/p>\n\n\n\n<p>Habl\u00f3 de la importancia de, como autoridad, seguir promoviendo la pr\u00e1ctica del deporte a trav\u00e9s de instalaciones dignas.<\/p>\n\n\n\n<figure class=\"wp-block-gallery has-nested-images columns-default is-cropped wp-block-gallery-1 is-layout-flex wp-block-gallery-is-layout-flex\">\n<figure class=\"wp-block-image size-large\"><img loading=\"lazy\" decoding=\"async\" width=\"1024\" height=\"683\" data-id=\"135738\" src=\"https:\/\/diariodigitalmx.com\/wp-content\/uploads\/2025\/05\/MERITO-DEPORTIVO-2025-3-1024x683.jpg\" alt=\"\" class=\"wp-image-135738\" srcset=\"https:\/\/diariodigitalmx.com\/wp-content\/uploads\/2025\/05\/MERITO-DEPORTIVO-2025-3-1024x683.jpg 1024w, https:\/\/diariodigitalmx.com\/wp-content\/uploads\/2025\/05\/MERITO-DEPORTIVO-2025-3-300x200.jpg 300w, https:\/\/diariodigitalmx.com\/wp-content\/uploads\/2025\/05\/MERITO-DEPORTIVO-2025-3-768x512.jpg 768w, https:\/\/diariodigitalmx.com\/wp-content\/uploads\/2025\/05\/MERITO-DEPORTIVO-2025-3-1536x1024.jpg 1536w, https:\/\/diariodigitalmx.com\/wp-content\/uploads\/2025\/05\/MERITO-DEPORTIVO-2025-3-2048x1366.jpg 2048w\" sizes=\"(max-width: 1024px) 100vw, 1024px\" \/><\/figure>\n\n\n\n<figure class=\"wp-block-image size-large\"><img loading=\"lazy\" decoding=\"async\" width=\"1024\" height=\"683\" data-id=\"135739\" src=\"https:\/\/diariodigitalmx.com\/wp-content\/uploads\/2025\/05\/MERITO-DEPORTIVO-2025-2-1024x683.jpg\" alt=\"\" class=\"wp-image-135739\" srcset=\"https:\/\/diariodigitalmx.com\/wp-content\/uploads\/2025\/05\/MERITO-DEPORTIVO-2025-2-1024x683.jpg 1024w, https:\/\/diariodigitalmx.com\/wp-content\/uploads\/2025\/05\/MERITO-DEPORTIVO-2025-2-300x200.jpg 300w, https:\/\/diariodigitalmx.com\/wp-content\/uploads\/2025\/05\/MERITO-DEPORTIVO-2025-2-768x512.jpg 768w, https:\/\/diariodigitalmx.com\/wp-content\/uploads\/2025\/05\/MERITO-DEPORTIVO-2025-2-1536x1024.jpg 1536w, https:\/\/diariodigitalmx.com\/wp-content\/uploads\/2025\/05\/MERITO-DEPORTIVO-2025-2-2048x1366.jpg 2048w\" sizes=\"(max-width: 1024px) 100vw, 1024px\" \/><\/figure>\n<\/figure>\n\n\n\n<p>\u201cComo ciudad tenemos que estar constantemente apoyando, promoviendo y provocando el deporte y una forma importante es reconocer a nuestros grandes atletas, y hoy estamos reconociendo a tres que son la representaci\u00f3n de muchos que tiene Monterrey\u201d, afirm\u00f3.<\/p>\n\n\n\n<figure class=\"wp-block-image size-large\"><img loading=\"lazy\" decoding=\"async\" width=\"1024\" height=\"683\" src=\"https:\/\/diariodigitalmx.com\/wp-content\/uploads\/2025\/05\/MERITO-DEPORTIVO-2025-4-1024x683.jpg\" alt=\"\" class=\"wp-image-135743\" srcset=\"https:\/\/diariodigitalmx.com\/wp-content\/uploads\/2025\/05\/MERITO-DEPORTIVO-2025-4-1024x683.jpg 1024w, https:\/\/diariodigitalmx.com\/wp-content\/uploads\/2025\/05\/MERITO-DEPORTIVO-2025-4-300x200.jpg 300w, https:\/\/diariodigitalmx.com\/wp-content\/uploads\/2025\/05\/MERITO-DEPORTIVO-2025-4-768x512.jpg 768w, https:\/\/diariodigitalmx.com\/wp-content\/uploads\/2025\/05\/MERITO-DEPORTIVO-2025-4-1536x1024.jpg 1536w, https:\/\/diariodigitalmx.com\/wp-content\/uploads\/2025\/05\/MERITO-DEPORTIVO-2025-4-2048x1366.jpg 2048w\" sizes=\"(max-width: 1024px) 100vw, 1024px\" \/><\/figure>\n\n\n\n<p>Los exhort\u00f3 a seguirse preparando y se admir\u00f3 por la preparaci\u00f3n f\u00edsica e intelectual de cada uno que dieron un discurso de agradecimiento por la medalla.<\/p>\n\n\n\n<figure class=\"wp-block-image size-large\"><img loading=\"lazy\" decoding=\"async\" width=\"1024\" height=\"683\" src=\"https:\/\/diariodigitalmx.com\/wp-content\/uploads\/2025\/05\/MERITO-DEPORTIVO-5-1024x683.jpg\" alt=\"\" class=\"wp-image-135741\" srcset=\"https:\/\/diariodigitalmx.com\/wp-content\/uploads\/2025\/05\/MERITO-DEPORTIVO-5-1024x683.jpg 1024w, https:\/\/diariodigitalmx.com\/wp-content\/uploads\/2025\/05\/MERITO-DEPORTIVO-5-300x200.jpg 300w, https:\/\/diariodigitalmx.com\/wp-content\/uploads\/2025\/05\/MERITO-DEPORTIVO-5-768x512.jpg 768w, https:\/\/diariodigitalmx.com\/wp-content\/uploads\/2025\/05\/MERITO-DEPORTIVO-5-1536x1024.jpg 1536w, https:\/\/diariodigitalmx.com\/wp-content\/uploads\/2025\/05\/MERITO-DEPORTIVO-5-2048x1366.jpg 2048w\" sizes=\"(max-width: 1024px) 100vw, 1024px\" \/><\/figure>\n\n\n\n<p>Los ciudadanos galardonados son:<\/p>\n\n\n\n<p>\u00b7&nbsp;&nbsp;&nbsp;&nbsp;&nbsp;&nbsp;&nbsp;&nbsp;&nbsp;Seo Hyun Cecilia Lee Kim de Taekwondo, campeona estatal en esta disciplina desde hace 11 a\u00f1os y medallista mundial y panamericana.<\/p>\n\n\n\n<p>Al hacer uso de la palabra, agradeci\u00f3 la distinci\u00f3n al afirmar que era un sue\u00f1o que tuvo desde su infancia.<\/p>\n\n\n\n<p>\u00b7&nbsp;&nbsp;&nbsp;&nbsp;&nbsp;&nbsp;&nbsp;&nbsp;&nbsp;Juan Carlos Alan\u00eds Prieto de Atletismo, especialista en 100 y 200 metros planos, multimedallista en distintas justas locales y for\u00e1neas.<\/p>\n\n\n\n<p>Al tomar el micr\u00f3fono explic\u00f3 que recibir estos premios los obliga a voltear a ver lo que han logrado con esfuerzo y disciplina.<\/p>\n\n\n\n<p>\u201cSe nos olvida reconocernos el lugar que tenemos, no es sencillo por eso es muy gratificante el reconocimiento\u201d, coment\u00f3.<\/p>\n\n\n\n<p>\u00b7&nbsp;&nbsp;&nbsp;&nbsp;&nbsp;&nbsp;&nbsp;&nbsp;&nbsp;Irene Esmeralda Borregos Palacios de Halterofilia, medallista mundial y panamericana, campeona nacional durante 9 a\u00f1os consecutivos.<\/p>\n\n\n\n<p>Emiti\u00f3 dos razones importantes de estos premios: primero, dijo que recibir un reconocimiento a su esfuerzo es una motivaci\u00f3n para continuar con su preparaci\u00f3n.<\/p>\n\n\n\n<p>Y segundo, el obtener tales galardones los hace inspirar a ni\u00f1os y j\u00f3venes para fomentar la pr\u00e1ctica del deporte, lo que, a su vez incide en una comunidad en paz, ya que las nuevas generaciones buscan seguir el mismo camino de dedicaci\u00f3n y trabajo.<\/p>\n\n\n\n<p>En la sesi\u00f3n, el presidente de la Comisi\u00f3n de Deportes del Ayuntamiento, Daniel Villarreal Zambrano elogi\u00f3 que esta administraci\u00f3n proporcione a los deportistas lugares para prepararse y pidi\u00f3 que la ciudad acompa\u00f1e a los atletas en todo el proceso de entrenamiento.<\/p>\n\n\n\n<p>Aplaudi\u00f3 que el director de Deportes municipal, Aldo de Nigris, sea un deportista de alto rendimiento, lo que le permite conocer las necesidades del rubro.<\/p>\n\n\n\n<p>En la premiaci\u00f3n estuvieron la presidenta del DIF, Gaby Oyervides; directivos de atletismo de la UANL, el ITESM, de la Asociaci\u00f3n y ex deportistas ol\u00edmpicos.<\/p>\n\n\n\n<p><\/p>\n\n\n\n<p><\/p>\n\n\n\n<p><\/p>\n\n\n\n<p><\/p>\n","protected":false},"excerpt":{"rendered":"<p>Tres destacados j\u00f3venes atletas fueron reconocidos este viernes en sesi\u00f3n Solemne de Cabildo por el Ayuntamiento de Monterrey con la medalla al M\u00e9rito Deportivo \u201c\u00c1ngel Mac\u00edas Barba\u201d edici\u00f3n 2025. El alcalde Adri\u00e1n de la Garza Santos entreg\u00f3 las preseas alusivas y los felicit\u00f3 por sus exitosas actuaciones en competencias a nivel internacional. Habl\u00f3 de la [&hellip;]<\/p>\n","protected":false},"author":1,"featured_media":135736,"comment_status":"open","ping_status":"open","sticky":false,"template":"","format":"standard","meta":{"footnotes":""},"categories":[8,3,5],"tags":[],"_links":{"self":[{"href":"https:\/\/diariodigitalmx.com\/index.php\/wp-json\/wp\/v2\/posts\/135717"}],"collection":[{"href":"https:\/\/diariodigitalmx.com\/index.php\/wp-json\/wp\/v2\/posts"}],"about":[{"href":"https:\/\/diariodigitalmx.com\/index.php\/wp-json\/wp\/v2\/types\/post"}],"author":[{"embeddable":true,"href":"https:\/\/diariodigitalmx.com\/index.php\/wp-json\/wp\/v2\/users\/1"}],"replies":[{"embeddable":true,"href":"https:\/\/diariodigitalmx.com\/index.php\/wp-json\/wp\/v2\/comments?post=135717"}],"version-history":[{"count":4,"href":"https:\/\/diariodigitalmx.com\/index.php\/wp-json\/wp\/v2\/posts\/135717\/revisions"}],"predecessor-version":[{"id":135746,"href":"https:\/\/diariodigitalmx.com\/index.php\/wp-json\/wp\/v2\/posts\/135717\/revisions\/135746"}],"wp:featuredmedia":[{"embeddable":true,"href":"https:\/\/diariodigitalmx.com\/index.php\/wp-json\/wp\/v2\/media\/135736"}],"wp:attachment":[{"href":"https:\/\/diariodigitalmx.com\/index.php\/wp-json\/wp\/v2\/media?parent=135717"}],"wp:term":[{"taxonomy":"category","embeddable":true,"href":"https:\/\/diariodigitalmx.com\/index.php\/wp-json\/wp\/v2\/categories?post=135717"},{"taxonomy":"post_tag","embeddable":true,"href":"https:\/\/diariodigitalmx.com\/index.php\/wp-json\/wp\/v2\/tags?post=135717"}],"curies":[{"name":"wp","href":"https:\/\/api.w.org\/{rel}","templated":true}]}}