{"id":135779,"date":"2025-06-01T08:02:49","date_gmt":"2025-06-01T14:02:49","guid":{"rendered":"https:\/\/diariodigitalmx.com\/?p=135779"},"modified":"2025-06-01T08:12:06","modified_gmt":"2025-06-01T14:12:06","slug":"cuento-de-nunca-acabar","status":"publish","type":"post","link":"https:\/\/diariodigitalmx.com\/index.php\/2025\/06\/01\/cuento-de-nunca-acabar\/","title":{"rendered":"Cuento de nunca acabar\u2026"},"content":{"rendered":"\n<p>Cosas del Tony<\/p>\n\n\n\n<p>Por: Antonio S\u00e1nchez R.<\/p>\n\n\n\n<p>Tal parece que el grave problema del caro y deficiente sistema de transporte urbano que padecen los usuarios del \u00e1rea metropolitana se ha convertido ya en un verdadero cuento de nunca acabar, en una historia recurrente inacabable que amenaza con convertirse en tema permanente, en \u201ccomidilla\u201d para el comentario cotidiano.<\/p>\n\n\n\n<p>Y es que las falsas promesas del des gobernador \u201cInocencio\u201d Garc\u00eda Sep\u00falveda, de brindarle a Nuevo Le\u00f3n, a Monterrey y su zona conurbada en particular, un transporte a la altura de las mejores ciudades del mundo, han ido a parar al mismo lugar a donde se han ido cada una de sus promesas fallidas: a la basura, pero no al olvido.<\/p>\n\n\n\n<p>La ciudadan\u00eda, los usuarios del transporte urbano, esos ciudadanos de a pie que diariamente se levantan muy de madrugada para poder alcanzar un lugar en las unidades del transporte urbano, est\u00e1n cansados de todo lo que est\u00e1 ocurriendo, pues cuando no son las descomposturas o los retrasos, nunca falta el detalle que les impide cumplir al cien por ciento con sus horarios laborales.<\/p>\n\n\n\n<p>\u201cInocencio\u201d Garc\u00eda presume frecuentemente del arrendamiento de miles de unidades tra\u00eddas del extranjero, pero nunca ha dicho que muchas de esas unidades ni siquiera son habilitadas para lo que fueron tra\u00eddas pues llegan en calidad de \u201cyonque\u201d.<\/p>\n\n\n\n<p>Sin exagerar, m\u00e1s de la mitad de las dichosas unidades se encuentran inservibles y las que s\u00ed se encuentran en servicio, muestras fallas que las convierte en transporte inseguro para los usuarios, verdaderas trampas mortales que ponen en riesgo la integridad f\u00edsica de quienes tienen la necesidad de trasladarse de sus hogares a sus trabajos y viceversa.<\/p>\n\n\n\n<p>Seg\u00fan nuestro imberbe des gobernador, las unidades arrendadas estar\u00edan a todo lujo, pero ah\u00ed tienen que a la inmensa mayor\u00eda le falla algo que es bastante necesario y que para la \u00e9poca que se vive y los tiempos que se avecinan, ser\u00e1 de urgente necesidad: el clima.<\/p>\n\n\n\n<p>En efecto estimados lectores. M\u00e1s de un 70 por ciento de las unidades \u201cverdes\u201d rentadas, no tiene en funcionamiento el clima, algo por lo que supuestamente est\u00e1 pagando el usuario con ese \u201ctarifazo\u201d que se les endilg\u00f3 y que mes con mes se ir\u00e1 incrementando y ya a estas alturas del partido, ya no se sabe hasta cu\u00e1ndo se va a solucionar este nada peque\u00f1o problema.<\/p>\n\n\n\n<p>Lo que les comentamos no nos lo han platicado, lo hemos vivido en carne propia, pues hemos tenido la necesidad de desplazarnos en el transporte urbano y la mera verdad, sin exagerar, es un asco, es una verg\u00fcenza y un robo que, por un servicio tan deficiente se cobre una tarifa tan alta, la m\u00e1s alta del pa\u00eds.<\/p>\n\n\n\n<p>\u00a1Ah!, pero no dejemos fuera la grave problem\u00e1tica que padecen los usuarios que no cuentan con tarjeta o con la aplicaci\u00f3n de \u201cUrbani\u201d para las unidades que no aceptan el pago en efectivo. La gente metida al manejo de los asuntos del transporte, junto con el remedo de gobernador que tenemos, creen que todo mundo puede utilizar tarjeta o \u201cbajar\u201d la aplicaci\u00f3n a su celular, pero est\u00e1n rotundamente equivocados.<\/p>\n\n\n\n<p>Un alto porcentaje de los usuarios, aunque usted no lo crea, no tiene la menor idea de c\u00f3mo funciona eso de las tarjetas y mucho menos el portar en un celular una aplicaci\u00f3n para el pago de su transporte. A esa gente le resulta mucho m\u00e1s c\u00f3modo el pago en efectivo y de ah\u00ed no la van a sacar nunca.<\/p>\n\n\n\n<p>Mientras no se solucione al cien por ciento la falla recurrente en horarios, descomposturas, retrasos, los climas y, muy especialmente, el pago en efectivo en toooodas las unidades de toooodas las rutas del transporte urbano, el dichoso programa \u201cMuevo Le\u00f3n\u201d ser\u00e1 un verdadero fracaso y un desagradable cuento de nunca acabar.<\/p>\n","protected":false},"excerpt":{"rendered":"<p>Cosas del Tony Por: Antonio S\u00e1nchez R. Tal parece que el grave problema del caro y deficiente sistema de transporte urbano que padecen los usuarios del \u00e1rea metropolitana se ha convertido ya en un verdadero cuento de nunca acabar, en una historia recurrente inacabable que amenaza con convertirse en tema permanente, en \u201ccomidilla\u201d para el [&hellip;]<\/p>\n","protected":false},"author":1,"featured_media":135797,"comment_status":"open","ping_status":"open","sticky":false,"template":"","format":"standard","meta":{"footnotes":""},"categories":[12],"tags":[],"_links":{"self":[{"href":"https:\/\/diariodigitalmx.com\/index.php\/wp-json\/wp\/v2\/posts\/135779"}],"collection":[{"href":"https:\/\/diariodigitalmx.com\/index.php\/wp-json\/wp\/v2\/posts"}],"about":[{"href":"https:\/\/diariodigitalmx.com\/index.php\/wp-json\/wp\/v2\/types\/post"}],"author":[{"embeddable":true,"href":"https:\/\/diariodigitalmx.com\/index.php\/wp-json\/wp\/v2\/users\/1"}],"replies":[{"embeddable":true,"href":"https:\/\/diariodigitalmx.com\/index.php\/wp-json\/wp\/v2\/comments?post=135779"}],"version-history":[{"count":1,"href":"https:\/\/diariodigitalmx.com\/index.php\/wp-json\/wp\/v2\/posts\/135779\/revisions"}],"predecessor-version":[{"id":135780,"href":"https:\/\/diariodigitalmx.com\/index.php\/wp-json\/wp\/v2\/posts\/135779\/revisions\/135780"}],"wp:featuredmedia":[{"embeddable":true,"href":"https:\/\/diariodigitalmx.com\/index.php\/wp-json\/wp\/v2\/media\/135797"}],"wp:attachment":[{"href":"https:\/\/diariodigitalmx.com\/index.php\/wp-json\/wp\/v2\/media?parent=135779"}],"wp:term":[{"taxonomy":"category","embeddable":true,"href":"https:\/\/diariodigitalmx.com\/index.php\/wp-json\/wp\/v2\/categories?post=135779"},{"taxonomy":"post_tag","embeddable":true,"href":"https:\/\/diariodigitalmx.com\/index.php\/wp-json\/wp\/v2\/tags?post=135779"}],"curies":[{"name":"wp","href":"https:\/\/api.w.org\/{rel}","templated":true}]}}