{"id":135911,"date":"2025-06-03T13:17:53","date_gmt":"2025-06-03T19:17:53","guid":{"rendered":"https:\/\/diariodigitalmx.com\/?p=135911"},"modified":"2025-06-03T13:20:57","modified_gmt":"2025-06-03T19:20:57","slug":"arranca-escobedo-campana-para-regularizar-motociclistas","status":"publish","type":"post","link":"https:\/\/diariodigitalmx.com\/index.php\/2025\/06\/03\/arranca-escobedo-campana-para-regularizar-motociclistas\/","title":{"rendered":"Arranca Escobedo campa\u00f1a para regularizar motociclistas"},"content":{"rendered":"\n<p>Con el objetivo de mejorar la seguridad vial y fomentar el orden en las calles, el Gobierno de Escobedo puso en marcha una campa\u00f1a para regularizar a motociclistas a trav\u00e9s del tr\u00e1mite municipal gratuito para<br>obtener su licencia de conducir.<br>El Alcalde Andr\u00e9s Mijes junto a Ramiro Bravo Garc\u00eda, Encargado del Despacho de la Direcci\u00f3n General del Instituto de Control Vehicular encabezaron el arranque de esta iniciativa coordinada por la Secretar\u00eda de Seguridad Ciudadana.<br>Esta campa\u00f1a, se llevar\u00e1 a cabo del 3 al 7 de junio, en un m\u00f3dulo ubicado junto al Instituto de Control Vehicular, en las Plazas Outlet de la Avenida Barrag\u00e1n, en un horario de 8:00 a 14:00 horas.<br>Durante el arranque, el Alcalde Mijes destac\u00f3 que este programa representa una forma concreta de acercar la legalidad a los ciudadanos sin complicaciones innecesarias.<\/p>\n\n\n\n<figure class=\"wp-block-image size-large\"><img loading=\"lazy\" decoding=\"async\" width=\"1024\" height=\"683\" src=\"https:\/\/diariodigitalmx.com\/wp-content\/uploads\/2025\/06\/Q9A0748-1024x683.jpg\" alt=\"\" class=\"wp-image-135915\" srcset=\"https:\/\/diariodigitalmx.com\/wp-content\/uploads\/2025\/06\/Q9A0748-1024x683.jpg 1024w, https:\/\/diariodigitalmx.com\/wp-content\/uploads\/2025\/06\/Q9A0748-300x200.jpg 300w, https:\/\/diariodigitalmx.com\/wp-content\/uploads\/2025\/06\/Q9A0748-768x512.jpg 768w, https:\/\/diariodigitalmx.com\/wp-content\/uploads\/2025\/06\/Q9A0748-1536x1024.jpg 1536w, https:\/\/diariodigitalmx.com\/wp-content\/uploads\/2025\/06\/Q9A0748-2048x1365.jpg 2048w\" sizes=\"(max-width: 1024px) 100vw, 1024px\" \/><\/figure>\n\n\n\n<p>\u201cLanzamos esta campa\u00f1a porque queremos que haya certeza y seguridad en nuestras calles, queremos que la gente sepa que su Gobierno le ayuda a estar protegida por la ley y los reglamentos. Esta licencia de motociclistas de la 4TNorte\u00f1a va a demostrar que claro que podemos tener certeza legal sin tr\u00e1mites engorrosos\u201d, afirm\u00f3 el Edil.<br>Asimismo, subray\u00f3 que un buen Gobierno es aquel que agiliza los servicios y respeta el tiempo de la ciudadan\u00eda.<br>\u201cUn buen Gobierno es aquel que no le quita tiempo al ciudadano, y con este servicio gratuito lo estamos demostrando\u201d, recalc\u00f3.<\/p>\n\n\n\n<figure class=\"wp-block-image size-large\"><img loading=\"lazy\" decoding=\"async\" width=\"1024\" height=\"683\" src=\"https:\/\/diariodigitalmx.com\/wp-content\/uploads\/2025\/06\/Q9A0737-1024x683.jpg\" alt=\"\" class=\"wp-image-135916\" srcset=\"https:\/\/diariodigitalmx.com\/wp-content\/uploads\/2025\/06\/Q9A0737-1024x683.jpg 1024w, https:\/\/diariodigitalmx.com\/wp-content\/uploads\/2025\/06\/Q9A0737-300x200.jpg 300w, https:\/\/diariodigitalmx.com\/wp-content\/uploads\/2025\/06\/Q9A0737-768x512.jpg 768w, https:\/\/diariodigitalmx.com\/wp-content\/uploads\/2025\/06\/Q9A0737-1536x1024.jpg 1536w, https:\/\/diariodigitalmx.com\/wp-content\/uploads\/2025\/06\/Q9A0737-2048x1365.jpg 2048w\" sizes=\"(max-width: 1024px) 100vw, 1024px\" \/><\/figure>\n\n\n\n<p>Durante la campa\u00f1a, los ciudadanos \u00fanicamente deber\u00e1n cubrir los derechos estatales, ya que el Municipio absorber\u00e1 su parte del costo. El registro es v\u00eda correo electr\u00f3nico, enviando solicitud y documentos requeridos.<br>La informaci\u00f3n completa est\u00e1 disponible en las redes oficiales del Gobierno de Escobedo y la Secretar\u00eda de Seguridad Ciudadana.<br>Esta medida tambi\u00e9n est\u00e1 alineada con la Estrategia Nacional de Seguridad, impulsada por la Presidenta Claudia Sheinbaum y el Secretario de Seguridad P\u00fablica Federal, Omar Garc\u00eda Harfuch, cuyo eje central es la legalidad en el uso de veh\u00edculos y el fortalecimiento del transporte seguro en las ciudades.<br>Al concluir la campa\u00f1a, el Municipio aplicar\u00e1 el Reglamento de Tr\u00e1nsito con firmeza, sancionando a quienes circulen sin licencia, casco, placas visibles o documentaci\u00f3n vigente.<br>El Gobierno de Escobedo hace un llamado a todos los motociclistas del municipio a aprovechar esta oportunidad para regularizarse, proteger su integridad y contribuir a una ciudad m\u00e1s ordenada y segura para todas y todos.<\/p>\n","protected":false},"excerpt":{"rendered":"<p>Con el objetivo de mejorar la seguridad vial y fomentar el orden en las calles, el Gobierno de Escobedo puso en marcha una campa\u00f1a para regularizar a motociclistas a trav\u00e9s del tr\u00e1mite municipal gratuito paraobtener su licencia de conducir.El Alcalde Andr\u00e9s Mijes junto a Ramiro Bravo Garc\u00eda, Encargado del Despacho de la Direcci\u00f3n General del [&hellip;]<\/p>\n","protected":false},"author":1,"featured_media":135913,"comment_status":"open","ping_status":"open","sticky":false,"template":"","format":"standard","meta":{"footnotes":""},"categories":[6],"tags":[],"_links":{"self":[{"href":"https:\/\/diariodigitalmx.com\/index.php\/wp-json\/wp\/v2\/posts\/135911"}],"collection":[{"href":"https:\/\/diariodigitalmx.com\/index.php\/wp-json\/wp\/v2\/posts"}],"about":[{"href":"https:\/\/diariodigitalmx.com\/index.php\/wp-json\/wp\/v2\/types\/post"}],"author":[{"embeddable":true,"href":"https:\/\/diariodigitalmx.com\/index.php\/wp-json\/wp\/v2\/users\/1"}],"replies":[{"embeddable":true,"href":"https:\/\/diariodigitalmx.com\/index.php\/wp-json\/wp\/v2\/comments?post=135911"}],"version-history":[{"count":3,"href":"https:\/\/diariodigitalmx.com\/index.php\/wp-json\/wp\/v2\/posts\/135911\/revisions"}],"predecessor-version":[{"id":135918,"href":"https:\/\/diariodigitalmx.com\/index.php\/wp-json\/wp\/v2\/posts\/135911\/revisions\/135918"}],"wp:featuredmedia":[{"embeddable":true,"href":"https:\/\/diariodigitalmx.com\/index.php\/wp-json\/wp\/v2\/media\/135913"}],"wp:attachment":[{"href":"https:\/\/diariodigitalmx.com\/index.php\/wp-json\/wp\/v2\/media?parent=135911"}],"wp:term":[{"taxonomy":"category","embeddable":true,"href":"https:\/\/diariodigitalmx.com\/index.php\/wp-json\/wp\/v2\/categories?post=135911"},{"taxonomy":"post_tag","embeddable":true,"href":"https:\/\/diariodigitalmx.com\/index.php\/wp-json\/wp\/v2\/tags?post=135911"}],"curies":[{"name":"wp","href":"https:\/\/api.w.org\/{rel}","templated":true}]}}