{"id":135921,"date":"2025-06-03T20:19:04","date_gmt":"2025-06-04T02:19:04","guid":{"rendered":"https:\/\/diariodigitalmx.com\/?p=135921"},"modified":"2025-06-03T22:22:52","modified_gmt":"2025-06-04T04:22:52","slug":"arranca-monterrey-operativo-integral-de-limpieza-nocturno","status":"publish","type":"post","link":"https:\/\/diariodigitalmx.com\/index.php\/2025\/06\/03\/arranca-monterrey-operativo-integral-de-limpieza-nocturno\/","title":{"rendered":"Arranca Monterrey operativo integral de limpieza nocturno"},"content":{"rendered":"\n<p>El alcalde Adri\u00e1n de la Garza encabez\u00f3 la noche de este lunes el primer macro operativo del programa \u00a8Monterrey limpio\u00a8 en la zona centro, en donde participaron m\u00e1s de 70 trabajadores de la Secretar\u00eda de Servicios P\u00fablicos.<\/p>\n\n\n\n<p>Elementos de las cinco zonas operativas de la dependencia se desplegaron en las avenidas Francisco I. Madero y en Col\u00f3n, para realizar labores de barrido, retiro de basura, pintura de cordones, delimitaci\u00f3n de carriles, reparaci\u00f3n de luminarias, bacheo, retiro de cableado y deshierbe.<\/p>\n\n\n\n<figure class=\"wp-block-image size-large\"><img loading=\"lazy\" decoding=\"async\" width=\"1024\" height=\"683\" src=\"https:\/\/diariodigitalmx.com\/wp-content\/uploads\/2025\/06\/OP.-MADERO-4-1024x683.jpg\" alt=\"\" class=\"wp-image-135930\" srcset=\"https:\/\/diariodigitalmx.com\/wp-content\/uploads\/2025\/06\/OP.-MADERO-4-1024x683.jpg 1024w, https:\/\/diariodigitalmx.com\/wp-content\/uploads\/2025\/06\/OP.-MADERO-4-300x200.jpg 300w, https:\/\/diariodigitalmx.com\/wp-content\/uploads\/2025\/06\/OP.-MADERO-4-768x512.jpg 768w, https:\/\/diariodigitalmx.com\/wp-content\/uploads\/2025\/06\/OP.-MADERO-4-1536x1024.jpg 1536w, https:\/\/diariodigitalmx.com\/wp-content\/uploads\/2025\/06\/OP.-MADERO-4-2048x1365.jpg 2048w\" sizes=\"(max-width: 1024px) 100vw, 1024px\" \/><\/figure>\n\n\n\n<p>\u201cHoy iniciamos aqu\u00ed en la avenida Madero y en la avenida Col\u00f3n, desde la cigarrera hasta F\u00e9lix U. G\u00f3mez en las 2 avenidas, para darle una buena rehabilitada y vamos a estar as\u00ed constantemente todas las noches y todas las madrugadas hasta las 5 de la ma\u00f1ana para no estorbar obviamente la hora del tr\u00e1fico fuerte\u201d, detall\u00f3 el alcalde.<\/p>\n\n\n\n<p>Se cont\u00f3 con cinco cuadrillas de la direcci\u00f3n general operativa para el bacheo y otras tres cuadrillas enfocadas en rehabilitar el alumbrado p\u00fablico.<\/p>\n\n\n\n<figure class=\"wp-block-image size-large\"><img loading=\"lazy\" decoding=\"async\" width=\"1024\" height=\"683\" src=\"https:\/\/diariodigitalmx.com\/wp-content\/uploads\/2025\/06\/OP.-MADERO-3-1024x683.jpg\" alt=\"\" class=\"wp-image-135931\" srcset=\"https:\/\/diariodigitalmx.com\/wp-content\/uploads\/2025\/06\/OP.-MADERO-3-1024x683.jpg 1024w, https:\/\/diariodigitalmx.com\/wp-content\/uploads\/2025\/06\/OP.-MADERO-3-300x200.jpg 300w, https:\/\/diariodigitalmx.com\/wp-content\/uploads\/2025\/06\/OP.-MADERO-3-768x512.jpg 768w, https:\/\/diariodigitalmx.com\/wp-content\/uploads\/2025\/06\/OP.-MADERO-3-1536x1024.jpg 1536w, https:\/\/diariodigitalmx.com\/wp-content\/uploads\/2025\/06\/OP.-MADERO-3-2048x1366.jpg 2048w\" sizes=\"(max-width: 1024px) 100vw, 1024px\" \/><\/figure>\n\n\n\n<p>El secretario de Administraci\u00f3n, Marcelo Segovia inform\u00f3 que el mun\u00edcipe instruy\u00f3 a los servidores p\u00fablicos a intervenir cada 15 d\u00edas el primer cuadro para devolverle a la capital del estado la dignidad que le corresponde.<\/p>\n\n\n\n<p>\u201cEs un esfuerzo constante que nos ha pedido el alcalde Adri\u00e1n, redoblar el esfuerzo,&nbsp; me ha pedido darle todas las facilidades, todas las herramientas, todos los materiales a todas las secretar\u00edas para que se pueda hacer este tipo de programas\u201d, explic\u00f3 el funcionario.<\/p>\n\n\n\n<p>\u201cMonterrey Limpio que es un c\u00famulo de acciones, no solamente del tema de barrido y pepena, de ser m\u00e1s eficientes en la recolecci\u00f3n de los m\u00e1s de mil botes de basura que existen en la zona centro de la ciudad donde se recolectan cerca de 300 toneladas diarias entre barrido, pepena. Es un programa insignia donde tambi\u00e9n estamos invitando y poniendo mano dura a los comercios para que obtengan sus contratos de recolecci\u00f3n de basura\u201d.<\/p>\n\n\n\n<p>En el operativo estuvieron supervisando la secretaria de Servicios P\u00fablicos, Mayela Quiroga y el Director de la Zona Centro, Diego Trevi\u00f1o.<\/p>\n\n\n\n<p>Adem\u00e1s del cambio est\u00e9tico que se busca con estas acciones, el operativo nocturno pretende que los ciudadanos tomen conciencia y coadyuven en mantener el entorno limpio y por lo tanto saludable y seguro.<\/p>\n","protected":false},"excerpt":{"rendered":"<p>El alcalde Adri\u00e1n de la Garza encabez\u00f3 la noche de este lunes el primer macro operativo del programa \u00a8Monterrey limpio\u00a8 en la zona centro, en donde participaron m\u00e1s de 70 trabajadores de la Secretar\u00eda de Servicios P\u00fablicos. Elementos de las cinco zonas operativas de la dependencia se desplegaron en las avenidas Francisco I. Madero y [&hellip;]<\/p>\n","protected":false},"author":1,"featured_media":135929,"comment_status":"open","ping_status":"open","sticky":false,"template":"","format":"standard","meta":{"footnotes":""},"categories":[6],"tags":[],"_links":{"self":[{"href":"https:\/\/diariodigitalmx.com\/index.php\/wp-json\/wp\/v2\/posts\/135921"}],"collection":[{"href":"https:\/\/diariodigitalmx.com\/index.php\/wp-json\/wp\/v2\/posts"}],"about":[{"href":"https:\/\/diariodigitalmx.com\/index.php\/wp-json\/wp\/v2\/types\/post"}],"author":[{"embeddable":true,"href":"https:\/\/diariodigitalmx.com\/index.php\/wp-json\/wp\/v2\/users\/1"}],"replies":[{"embeddable":true,"href":"https:\/\/diariodigitalmx.com\/index.php\/wp-json\/wp\/v2\/comments?post=135921"}],"version-history":[{"count":3,"href":"https:\/\/diariodigitalmx.com\/index.php\/wp-json\/wp\/v2\/posts\/135921\/revisions"}],"predecessor-version":[{"id":135933,"href":"https:\/\/diariodigitalmx.com\/index.php\/wp-json\/wp\/v2\/posts\/135921\/revisions\/135933"}],"wp:featuredmedia":[{"embeddable":true,"href":"https:\/\/diariodigitalmx.com\/index.php\/wp-json\/wp\/v2\/media\/135929"}],"wp:attachment":[{"href":"https:\/\/diariodigitalmx.com\/index.php\/wp-json\/wp\/v2\/media?parent=135921"}],"wp:term":[{"taxonomy":"category","embeddable":true,"href":"https:\/\/diariodigitalmx.com\/index.php\/wp-json\/wp\/v2\/categories?post=135921"},{"taxonomy":"post_tag","embeddable":true,"href":"https:\/\/diariodigitalmx.com\/index.php\/wp-json\/wp\/v2\/tags?post=135921"}],"curies":[{"name":"wp","href":"https:\/\/api.w.org\/{rel}","templated":true}]}}