{"id":135956,"date":"2025-06-04T14:42:17","date_gmt":"2025-06-04T20:42:17","guid":{"rendered":"https:\/\/diariodigitalmx.com\/?p=135956"},"modified":"2025-06-04T21:20:09","modified_gmt":"2025-06-05T03:20:09","slug":"propone-rocio-montalvo-garantizar-tarifas-justas-y-eliminar-incrementos-ocultos-en-transporte-publico","status":"publish","type":"post","link":"https:\/\/diariodigitalmx.com\/index.php\/2025\/06\/04\/propone-rocio-montalvo-garantizar-tarifas-justas-y-eliminar-incrementos-ocultos-en-transporte-publico\/","title":{"rendered":"Va Roc\u00edo Montalvo por garantizar tarifas justas y eliminar incrementos ocultos en transporte p\u00fablico"},"content":{"rendered":"\n<p>En un esfuerzo por proteger la econom\u00eda de las familias y asegurar transparencia en el cobro del transporte p\u00fablico, la diputada Roc\u00edo Montalvo integrante de la bancada de Movimiento Ciudadano en el Congreso de Nuevo Le\u00f3n, present\u00f3 una iniciativa para reformar la Ley de Movilidad del estado, espec\u00edficamente los art\u00edculos 8, 70 y 144, con el objetivo de prohibir los llamados &#8220;deslizamientos mensuales&#8221; y los incrementos multianuales en las tarifas del transporte p\u00fablico.<\/p>\n\n\n\n<p>Esta medida busca poner fin a una pr\u00e1ctica que, desde 2011, ha afectado el bolsillo de miles de usuarios que dependen diariamente de este servicio. La reforma establece que las tarifas de las modalidades SETRA y SETME deber\u00e1n fijarse exclusivamente en n\u00fameros enteros, eliminando los cobros con decimales que, en muchos casos, generan confusi\u00f3n y gastos adicionales para los usuarios.<\/p>\n\n\n\n<p>&#8220;No es justo que las familias tengan que pagar centavos extra cada<\/p>\n\n\n\n<p>mes sin una explicaci\u00f3n clara y de forma automatizada a trav\u00e9s del sistema de tarjeta o aplicaci\u00f3n. Con esta reforma, las tarifas ser\u00e1n transparentes y predecibles, sin<\/p>\n\n\n\n<p>incrementos escondidos&#8221;, afirm\u00f3 la diputada Montalvo durante la presentaci\u00f3n de la iniciativa.<\/p>\n\n\n\n<p>Uno de los cambios m\u00e1s significativos es la prohibici\u00f3n de los ajustes graduales, conocidos como &#8220;deslizamientos mensuales&#8221;, que durante a\u00f1os se aplicaron de manera discrecional, afectando principalmente a los sectores m\u00e1s vulnerables. &#8220;Estos incrementos silenciosos son un abuso. Muchos usuarios ni siquiera notan que, mes tras mes, pagan m\u00e1s por el mismo servicio. Hoy estamos diciendo &#8216;basta&#8217; a estas pr\u00e1cticas opacas&#8221;, declar\u00f3 Montalvo.<\/p>\n\n\n\n<p>Adem\u00e1s, la iniciativa fortalece la participaci\u00f3n ciudadana al otorgar mayor peso al Consejo Consultivo de Movilidad, integrado por representantes de usuarios, estudiantes, c\u00e1maras empresariales, sindicatos y autoridades estatales y municipales. Este \u00f3rgano tendr\u00e1 la facultad de emitir recomendaciones vinculantes sobre las tarifas de las rutas, del Metro y Transmetro, asegurando que las decisiones se tomen con base en las necesidades reales de la poblaci\u00f3n.<\/p>\n\n\n\n<p>&#8220;Queremos que la voz de los usuarios sea escuchada. No m\u00e1s decisiones a puerta cerrada; la movilidad es un derecho, no un privilegio&#8221;, destac\u00f3 la legisladora.<\/p>\n\n\n\n<p>La propuesta tambi\u00e9n incluye un mecanismo de revisi\u00f3n tarifaria anual, pero bajo condiciones m\u00e1s estrictas pues en ning\u00fan caso se permitir\u00e1n incrementos multianuales ni ajustes mensuales, incluso si se autoriza una actualizaci\u00f3n de costos. &#8220;Si hay que ajustar las tarifas, que sea de manera justa y con pleno conocimiento de los usuarios. No podemos repetir los errores del pasado, cuando los aumentos se aprobaban en diciembre y afectaban a quienes menos tienen&#8221;, record\u00f3 Montalvo, haciendo alusi\u00f3n a los pol\u00e9micos &#8220;incrementos navide\u00f1os&#8221; implementados durante la administraci\u00f3n del priista Rodrigo Medina en 2011 y 2012.<\/p>\n\n\n\n<p>La iniciativa ha sido nutrida con la opini\u00f3n de organizaciones civiles y grupos estudiantiles, quienes ven en esta reforma un avance hacia un sistema de transporte m\u00e1s equitativo. &#8220;Es un paso importante para devolver la confianza en el transporte p\u00fablico. Los usuarios merecen saber exactamente cu\u00e1nto pagan y por qu\u00e9&#8221;, coment\u00f3 un representante de una ONG.<\/p>\n\n\n\n<p>En las pr\u00f3ximas semanas, la propuesta deber\u00e1 entrar en an\u00e1lisis y estudio por parte de la Comisi\u00f3n de Movilidad del Congreso. La diputada Montalvo hizo un llamado a sus colegas legisladores para que apoyen esta reforma y prioricen el bienestar de la ciudadan\u00eda. &#8220;Estamos ante una oportunidad hist\u00f3rica de corregir las injusticias del pasado y construir un sistema de transporte digno para todos. No dejemos pasar esta oportunidad&#8221;, concluy\u00f3.<\/p>\n","protected":false},"excerpt":{"rendered":"<p>En un esfuerzo por proteger la econom\u00eda de las familias y asegurar transparencia en el cobro del transporte p\u00fablico, la diputada Roc\u00edo Montalvo integrante de la bancada de Movimiento Ciudadano en el Congreso de Nuevo Le\u00f3n, present\u00f3 una iniciativa para reformar la Ley de Movilidad del estado, espec\u00edficamente los art\u00edculos 8, 70 y 144, con [&hellip;]<\/p>\n","protected":false},"author":1,"featured_media":135966,"comment_status":"open","ping_status":"open","sticky":false,"template":"","format":"standard","meta":{"footnotes":""},"categories":[6,5],"tags":[],"_links":{"self":[{"href":"https:\/\/diariodigitalmx.com\/index.php\/wp-json\/wp\/v2\/posts\/135956"}],"collection":[{"href":"https:\/\/diariodigitalmx.com\/index.php\/wp-json\/wp\/v2\/posts"}],"about":[{"href":"https:\/\/diariodigitalmx.com\/index.php\/wp-json\/wp\/v2\/types\/post"}],"author":[{"embeddable":true,"href":"https:\/\/diariodigitalmx.com\/index.php\/wp-json\/wp\/v2\/users\/1"}],"replies":[{"embeddable":true,"href":"https:\/\/diariodigitalmx.com\/index.php\/wp-json\/wp\/v2\/comments?post=135956"}],"version-history":[{"count":2,"href":"https:\/\/diariodigitalmx.com\/index.php\/wp-json\/wp\/v2\/posts\/135956\/revisions"}],"predecessor-version":[{"id":135965,"href":"https:\/\/diariodigitalmx.com\/index.php\/wp-json\/wp\/v2\/posts\/135956\/revisions\/135965"}],"wp:featuredmedia":[{"embeddable":true,"href":"https:\/\/diariodigitalmx.com\/index.php\/wp-json\/wp\/v2\/media\/135966"}],"wp:attachment":[{"href":"https:\/\/diariodigitalmx.com\/index.php\/wp-json\/wp\/v2\/media?parent=135956"}],"wp:term":[{"taxonomy":"category","embeddable":true,"href":"https:\/\/diariodigitalmx.com\/index.php\/wp-json\/wp\/v2\/categories?post=135956"},{"taxonomy":"post_tag","embeddable":true,"href":"https:\/\/diariodigitalmx.com\/index.php\/wp-json\/wp\/v2\/tags?post=135956"}],"curies":[{"name":"wp","href":"https:\/\/api.w.org\/{rel}","templated":true}]}}