{"id":136044,"date":"2025-06-08T07:18:57","date_gmt":"2025-06-08T13:18:57","guid":{"rendered":"https:\/\/diariodigitalmx.com\/?p=136044"},"modified":"2025-06-08T07:20:14","modified_gmt":"2025-06-08T13:20:14","slug":"ejecutan-a-secretario-del-ayuntamiento-de-linares-nl","status":"publish","type":"post","link":"https:\/\/diariodigitalmx.com\/index.php\/2025\/06\/08\/ejecutan-a-secretario-del-ayuntamiento-de-linares-nl\/","title":{"rendered":"Ejecutan a Secretario del Ayuntamiento de Linares, NL"},"content":{"rendered":"\n<p>Monterrey. &#8211; Con cuatro impactos de bala, fue ejecutado Juan Pulido, el Secretario de Ayuntamiento del municipio morenista de&nbsp;<strong>Linares<\/strong>, a unos 100 kil\u00f3metros al sur de Monterrey.<\/p>\n\n\n\n<p>El funcionario fue atacado minutos despu\u00e9s de haber llegado a su domicilio la tarde de este s\u00e1bado, cuando a las puertas toc\u00f3 un individuo que se movilizaba en una motocicleta y al abrir le dispar\u00f3.<\/p>\n\n\n\n<p>Pulido arrib\u00f3 a su domicilio cerca de&nbsp;las 16:15 horas&nbsp;llegaba a Linares procedente del vecino municipio de Montemorelos y estaba acompa\u00f1ado de su escolta, al que le dio la salida debido a que no ten\u00eda m\u00e1s actividades, seg\u00fan inform\u00f3 el reporte recabado por la polic\u00eda inicialmente.<\/p>\n\n\n\n<p>Posteriormente el funcionario entr\u00f3 a su casa y minutos despu\u00e9s, un&nbsp;motociclista lleg\u00f3 al domicilio y pregunt\u00f3 por Pulido, que sali\u00f3 de su casa y le atac\u00f3 con al menos cuatro disparos.<\/p>\n\n\n\n<p>Juan Pulido, de 50 a\u00f1os, recibi\u00f3 dos impactos de bala&nbsp;en una de las piernas, otro en el pecho y uno m\u00e1s en el abdomen, por lo que fue llevado por las urgencias m\u00e9dicas a un hospital de esa localidad linarense, donde se hac\u00edan los tr\u00e1mites para trasladarlo a Monterrey, sin embargo, muri\u00f3 en ese nosocomio.<\/p>\n\n\n\n<p>Inclusive, se hab\u00eda dispuesto un operativo en el Hospital Christus Muguerza sur, en Monterrey, para que lo trasladaran en&nbsp;helic\u00f3ptero de Linares al helipuerto del nosocomio, pero al confirmarse la muerte, cancelaron el operativo de Protecci\u00f3n Civil del Estado, CRUM y una ambulancia privada.<\/p>\n\n\n\n<p>El ataque fue registrado seg\u00fan informes de la Polic\u00eda Ministerial y local,<\/p>\n\n\n\n<p>alrededor de las 17:40 horas, cerca de la Central de Autobuses, en el cruce de la calle&nbsp;Pablo Salcedo Arredondo y 5 de Mayo, en la&nbsp;<strong>Colonia La Moderna, en Linares.<\/strong><br>Personal de Fuerza Civil acudi\u00f3 al sitio, solicit\u00f3 el apoyo de la Fiscal\u00eda General y del Ej\u00e9rcito, quienes activaron la Operaci\u00f3n Muralla, un operativo para enfrentar la situaci\u00f3n.<\/p>\n\n\n\n<p>ANTECEDENTES<\/p>\n\n\n\n<p>Apenas el viernes, el edificio de la Polic\u00eda de Linares fue sitiada por la investigaci\u00f3n de la desaparici\u00f3n de un detenido en el municipio, el cual sigue sin ser localizado.<\/p>\n\n\n\n<p>Personal de la Fiscal\u00eda General de Justicia siti\u00f3 la Polic\u00eda de&nbsp;<strong>Linares<\/strong>, con elementos de la Fiscal\u00eda Especializada en Personas Desaparecidas, los que, inspeccionaron las instalaciones de la Direcci\u00f3n de Seguridad P\u00fablica, cuyo titular es Ernesto Jim\u00e9nez Covarrubias.<br>Alcalde de Linares es Gerardo Guzm\u00e1n Gonz\u00e1lez.<\/p>\n\n\n\n<p><strong>Juan Jes\u00fas Padr\u00f3n G\u00f3mez, de 37 a\u00f1os<\/strong>, desapareci\u00f3 el pasado 3 de abril tras de que, detenido por elementos municipales, y aunque supuestamente lo dejaron libre tras cumplir un arresto, no aportaron im\u00e1genes de la liberaci\u00f3n sede ubicada en la calle Protacio Rodr\u00edguez Cu\u00e9llar,<br>Ante ello, la Fiscal\u00eda realiz\u00f3 la inspecci\u00f3n, pues se busca confirmar si polic\u00edas y mandos estar\u00edan involucrados en esos hechos, e inclusive, en otro incidente que se registr\u00f3 el pasado 31 de mayo afuera de las mismas instalaciones donde un hombre identificado como Andy Mu\u00f1oz, detenido por elementos municipales, cumpli\u00f3 su arresto, pero fue privado de la libertad por un grupo armado que lo esperaba afuera en tres camionetas, los que se lo llevaron y luego lo liberaron con diversos golpes en el cuerpo.<\/p>\n\n\n\n<p>Alcalde de Linares es Gerardo Guzm\u00e1n Gonz\u00e1lez.<\/p>\n","protected":false},"excerpt":{"rendered":"<p>Monterrey. &#8211; Con cuatro impactos de bala, fue ejecutado Juan Pulido, el Secretario de Ayuntamiento del municipio morenista de&nbsp;Linares, a unos 100 kil\u00f3metros al sur de Monterrey. El funcionario fue atacado minutos despu\u00e9s de haber llegado a su domicilio la tarde de este s\u00e1bado, cuando a las puertas toc\u00f3 un individuo que se movilizaba en [&hellip;]<\/p>\n","protected":false},"author":1,"featured_media":136046,"comment_status":"open","ping_status":"open","sticky":false,"template":"","format":"standard","meta":{"footnotes":""},"categories":[3,5,7],"tags":[],"_links":{"self":[{"href":"https:\/\/diariodigitalmx.com\/index.php\/wp-json\/wp\/v2\/posts\/136044"}],"collection":[{"href":"https:\/\/diariodigitalmx.com\/index.php\/wp-json\/wp\/v2\/posts"}],"about":[{"href":"https:\/\/diariodigitalmx.com\/index.php\/wp-json\/wp\/v2\/types\/post"}],"author":[{"embeddable":true,"href":"https:\/\/diariodigitalmx.com\/index.php\/wp-json\/wp\/v2\/users\/1"}],"replies":[{"embeddable":true,"href":"https:\/\/diariodigitalmx.com\/index.php\/wp-json\/wp\/v2\/comments?post=136044"}],"version-history":[{"count":1,"href":"https:\/\/diariodigitalmx.com\/index.php\/wp-json\/wp\/v2\/posts\/136044\/revisions"}],"predecessor-version":[{"id":136045,"href":"https:\/\/diariodigitalmx.com\/index.php\/wp-json\/wp\/v2\/posts\/136044\/revisions\/136045"}],"wp:featuredmedia":[{"embeddable":true,"href":"https:\/\/diariodigitalmx.com\/index.php\/wp-json\/wp\/v2\/media\/136046"}],"wp:attachment":[{"href":"https:\/\/diariodigitalmx.com\/index.php\/wp-json\/wp\/v2\/media?parent=136044"}],"wp:term":[{"taxonomy":"category","embeddable":true,"href":"https:\/\/diariodigitalmx.com\/index.php\/wp-json\/wp\/v2\/categories?post=136044"},{"taxonomy":"post_tag","embeddable":true,"href":"https:\/\/diariodigitalmx.com\/index.php\/wp-json\/wp\/v2\/tags?post=136044"}],"curies":[{"name":"wp","href":"https:\/\/api.w.org\/{rel}","templated":true}]}}