{"id":136060,"date":"2025-06-08T23:32:43","date_gmt":"2025-06-09T05:32:43","guid":{"rendered":"https:\/\/diariodigitalmx.com\/?p=136060"},"modified":"2025-06-08T23:33:21","modified_gmt":"2025-06-09T05:33:21","slug":"quien-gana-y-quien-pierde","status":"publish","type":"post","link":"https:\/\/diariodigitalmx.com\/index.php\/2025\/06\/08\/quien-gana-y-quien-pierde\/","title":{"rendered":"\u00bfQui\u00e9n gana y qui\u00e9n pierde?"},"content":{"rendered":"\n<p>El Post Debate de la Elecci\u00f3n<\/p>\n\n\n\n<p>Por Manuel CARMONA<\/p>\n\n\n\n<p>Haiga sido como haiga sido, con sus vicios, sus errores, sus abusos, todo lo que se nos pueda ocurrir para describir los comicios electorales del pasado domingo primero de junio. El caso es que acorde a los plazos legales y formalidades establecidas en la reforma constitucional, ya es un hecho consumado,\u201d habemus\u201d nuevo Poder Judicial Federal,&nbsp; tal como se estipul\u00f3 en el decreto publicado en el diario oficial de la Federaci\u00f3n el pasado 16 de septiembre del 2024.<\/p>\n\n\n\n<p>Un suceso tiene muchas lecturas e interpretaciones, seg\u00fan el n\u00famero de observadores. Sus detractores dir\u00e1n que la ELECCION JUDICIAL fue un rotundo fracaso. Sus promotores dir\u00e1n que fue un \u00e9xito rotundo y ya hemos podido conocer y ver chocar ambas posturas&nbsp; a lo largo de los \u00faltimos d\u00edas.<\/p>\n\n\n\n<p>El debate sobre si deb\u00eda o no elegirse a los jueces, magistrados y ministros por voto popular ha quedado atr\u00e1s, el post debate&nbsp; ahora es&nbsp; para tratar de imponer una percepci\u00f3n en la opini\u00f3n p\u00fablica, para calificar el resultado obtenido en dicha votaci\u00f3n, de ah\u00ed que el an\u00e1lisis se debe dividir en cualitativo y cuantitativo.<\/p>\n\n\n\n<p>Por lo tanto comenzar\u00e9 diciendo que desde un enfoque CUALITATIVO&nbsp; el partido oficial, la Presidenta de la Rep\u00fablica y todos aquellos que forman parte de la dirigencia de Morena, RESULTARON VICTORIOSOS, ten\u00edan un objetivo muy claro que era la renovaci\u00f3n del poder judicial federal y aunque ha sido un proceso muy prolongado y que ha implicado un fuerte desgaste pol\u00edtico, pero lo que es un hecho es que LOGRARON LO QUE QUER\u00cdAN:&nbsp; juzgadores al servicio del poder, juzgadores que les deban su&nbsp; trabajo al Poder Ejecutivo o al Legislativo, seg\u00fan sea quien los haya propuesto.<\/p>\n\n\n\n<p>Pero adem\u00e1s de la renovaci\u00f3n de jueces, magistrados y ministros, en mi opini\u00f3n el m\u00e1s grande dividendo que se logr\u00f3 en esta elecci\u00f3n para los impulsores de la reforma judicial, es la absoluta SUBORDINACION que tendr\u00e1n los nuevos juzgadores, hacia el Poder Ejecutivo quien de ahora en adelante podr\u00e1 concentrar TODO EL PODER ya sin control y sin reserva alguna, como nunca antes se hab\u00eda tenido.<\/p>\n\n\n\n<p>No obstante si por alguna raz\u00f3n alguien tuviera la tentaci\u00f3n de salirse del gui\u00f3n del poder, ah\u00ed est\u00e1 el Tribunal de Disciplina para suspender de inmediato, despedir y\/o&nbsp; perseguir legalmente a cualquiera que ose contravenir decisiones de gobierno a\u00fan cuando pueda ser en perjuicio de los ciudadanos. Nunca m\u00e1s el poder tendr\u00e1 ning\u00fan contrapeso.<\/p>\n\n\n\n<p>Ahora bien, si analizamos la votaci\u00f3n bajo un ENFOQUE CUANTITATIVO de manera fr\u00eda y objetiva, LA ELECCION&nbsp; FUE UN FRACASO. Sin entrar a la guerra de las cifras, sin revisar hist\u00f3ricos, sin hacer comparativos,&nbsp; si simplemente nos limitamos a ponderar que de un padr\u00f3n de casi 100 millones de mexicanos inscritos en el INE, solo se present\u00f3 a votar alrededor del 13 por ciento y el 87 por ciento restante no acudi\u00f3 a las urnas, eso significa que la posibilidad de elegir a jueces, magistrados y ministros no es algo que haya despertado el inter\u00e9s de los mexicanos y robustece la hip\u00f3tesis que quienes acudieron a emitir su sufragio solo fueron las brigadas de movilizados por el aparato gubernamental.<\/p>\n\n\n\n<p>Si continuamos en el rango de los porcentajes, podemos reiterar que la elecci\u00f3n fue un rotundo fracaso porque ES LA ELECCION INTERMEDIA&nbsp; con el m\u00e1s bajo porcentaje de participaci\u00f3n c\u00edvica general en las \u00faltimas tres d\u00e9cadas, pero quiz\u00e1 si la comparamos con un ejercicio \u201cespecial\u201d o extraordinario como es el caso de la revocaci\u00f3n de mandato de AMLO en el 2022, en aquella ocasi\u00f3n vot\u00f3 el 18 por ciento del padr\u00f3n electoral y esta ocasi\u00f3n apenas se pudo aproximar al 13 por ciento, pero si le restamos los votos nulos, el porcentaje ser\u00eda todav\u00eda mucho menor.<\/p>\n\n\n\n<p>En su momento, la verdad sobre el impacto que tendr\u00e1 esta reforma constitucional en el sistema de administraci\u00f3n de justicia en M\u00e9xico, nos lo dir\u00e1 el tiempo. La realidad termina por imponerse, m\u00e1s all\u00e1 de las opiniones.<\/p>\n\n\n\n<p>Pero si analizamos lo acontecido estrictamente desde&nbsp; un ENFOQUE POLITICO y en resumidas cuentas, m\u00e1s all\u00e1 de TODOS los factores que han intervenido en esta hist\u00f3rica reforma, HAY UN GRAN GANADOR&nbsp; al final del camino y no es otro que el autor intelectual de esta iniciativa, el ex Presidente Andr\u00e9s Manuel L\u00f3pez Obrador, ya que finalmente se sali\u00f3 con la suya, a\u00fan despu\u00e9s de terminado su mandato y logr\u00f3 desmantelar al Poder Judicial Federal que siempre se opuso a sus decisiones. \u00c9l fue quien decidi\u00f3 y plane\u00f3. A la Presidenta y a las dos c\u00e1maras del Poder Legislativo les correspondi\u00f3 la ejecuci\u00f3n.<\/p>\n\n\n\n<p>Sin embargo, parad\u00f3jicamente TAMBIEN HAY UN GRAN PERDEDOR en esta trama, que se llama Andr\u00e9s Manuel L\u00f3pez Beltr\u00e1n, (Andy) quien a pesar de que cont\u00f3 con todo el apoyo log\u00edstico de la maquinaria gubernamental, con todos los recursos econ\u00f3micos para movilizar y con todos los beneficiarios del clientelismo emanado de los programas sociales, apenas pudo ara\u00f1ar el 13 por ciento de la votaci\u00f3n posible de obtener, lo que lo deja muy mal parado y pone en entredicho su capacidad como dirigente, como operador electoral y como heredero pol\u00edtico natural del obradorismo.<\/p>\n\n\n\n<p>Este magro resultado, convierte la elecci\u00f3n en un triunfo v\u00e1lido, legal, pero ILEG\u00cdTIMO\u2026.<\/p>\n\n\n\n<p>* El autor es abogado, escritor y analista pol\u00edtico.<\/p>\n","protected":false},"excerpt":{"rendered":"<p>El Post Debate de la Elecci\u00f3n Por Manuel CARMONA Haiga sido como haiga sido, con sus vicios, sus errores, sus abusos, todo lo que se nos pueda ocurrir para describir los comicios electorales del pasado domingo primero de junio. El caso es que acorde a los plazos legales y formalidades establecidas en la reforma constitucional, [&hellip;]<\/p>\n","protected":false},"author":1,"featured_media":135819,"comment_status":"open","ping_status":"open","sticky":false,"template":"","format":"standard","meta":{"footnotes":""},"categories":[12],"tags":[],"_links":{"self":[{"href":"https:\/\/diariodigitalmx.com\/index.php\/wp-json\/wp\/v2\/posts\/136060"}],"collection":[{"href":"https:\/\/diariodigitalmx.com\/index.php\/wp-json\/wp\/v2\/posts"}],"about":[{"href":"https:\/\/diariodigitalmx.com\/index.php\/wp-json\/wp\/v2\/types\/post"}],"author":[{"embeddable":true,"href":"https:\/\/diariodigitalmx.com\/index.php\/wp-json\/wp\/v2\/users\/1"}],"replies":[{"embeddable":true,"href":"https:\/\/diariodigitalmx.com\/index.php\/wp-json\/wp\/v2\/comments?post=136060"}],"version-history":[{"count":1,"href":"https:\/\/diariodigitalmx.com\/index.php\/wp-json\/wp\/v2\/posts\/136060\/revisions"}],"predecessor-version":[{"id":136061,"href":"https:\/\/diariodigitalmx.com\/index.php\/wp-json\/wp\/v2\/posts\/136060\/revisions\/136061"}],"wp:featuredmedia":[{"embeddable":true,"href":"https:\/\/diariodigitalmx.com\/index.php\/wp-json\/wp\/v2\/media\/135819"}],"wp:attachment":[{"href":"https:\/\/diariodigitalmx.com\/index.php\/wp-json\/wp\/v2\/media?parent=136060"}],"wp:term":[{"taxonomy":"category","embeddable":true,"href":"https:\/\/diariodigitalmx.com\/index.php\/wp-json\/wp\/v2\/categories?post=136060"},{"taxonomy":"post_tag","embeddable":true,"href":"https:\/\/diariodigitalmx.com\/index.php\/wp-json\/wp\/v2\/tags?post=136060"}],"curies":[{"name":"wp","href":"https:\/\/api.w.org\/{rel}","templated":true}]}}