{"id":136072,"date":"2025-06-09T10:17:17","date_gmt":"2025-06-09T16:17:17","guid":{"rendered":"https:\/\/diariodigitalmx.com\/?p=136072"},"modified":"2025-06-09T10:33:45","modified_gmt":"2025-06-09T16:33:45","slug":"distractores","status":"publish","type":"post","link":"https:\/\/diariodigitalmx.com\/index.php\/2025\/06\/09\/distractores\/","title":{"rendered":"Distractores"},"content":{"rendered":"\n<p>De frente y de perfil<\/p>\n\n\n\n<p>Ram\u00f3n Zurita Sahag\u00fan<\/p>\n\n\n\n<p>La estrategia fue bien planeada, result\u00f3 acertada, en parte, aunque, finalmente, se sali\u00f3 de control.<\/p>\n\n\n\n<p>El no me llamen \u201cAndy\u201d result\u00f3 el distractor adecuado para que la atenci\u00f3n se centrara en este personaje y no se le pidieran cuentas sobre los resultados electorales de Durango y Veracruz que no fueron tan malos, pero tampoco satisfactorios.<\/p>\n\n\n\n<p>Detractores y seguidores se entretuvieron en la discusi\u00f3n sobre si tiene o no raz\u00f3n el personaje que no quiere que le llamen \u201cAndy\u201d y prefiera que lo mencionen con su nombre completo Andr\u00e9s Manuel L\u00f3pez Beltr\u00e1n.<\/p>\n\n\n\n<p>Quiere honrar a su padre que dice infunde miedo a sus adversarios y en el comparativo entre padre e hijo le da un plus de valor al segundo.<\/p>\n\n\n\n<p>Se trat\u00f3 de una estrategia que sirvi\u00f3 para ello y quit\u00f3 la mirada y la discusi\u00f3n p\u00fablica originada por la poca asistencia del electorado a las urnas y por los resultados obtenidos por el Movimiento de Regeneraci\u00f3n Nacional en los dos estados con proceso electoral constitucional para la renovaci\u00f3n de alcald\u00edas.<\/p>\n\n\n\n<p>Y es que dentro de MORENA se estaba generando un movimiento para pedir rendici\u00f3n de cuentas a Luisa Mar\u00eda Alcalde y a su secretario de Organizaci\u00f3n, el tan mencionado \u201cAndy\u201d del que no se sab\u00eda que no le gusta la menci\u00f3n cari\u00f1osa.<\/p>\n\n\n\n<p>La Presidenta Claudia Sheinbaum se encontraba en el marasmo de explicar el porqu\u00e9 una elecci\u00f3n con participaci\u00f3n del 13 por ciento de credencializados resultaba un triunfo de la democracia.<\/p>\n\n\n\n<p>La polvareda que levant\u00f3 la petici\u00f3n de \u201cAndy\u201d enfoc\u00f3 las miradas hacia el cr\u00edo del expresidente, que se olvid\u00f3 por largas horas de lo que hab\u00eda sucedido el primero de junio y no precisamente en los festejos del D\u00eda de la Marina\u201d.<\/p>\n\n\n\n<p>Y es que resulta curioso que ahora los pol\u00edticos quieren marcar la forma en que sean mencionados, imponiendo criterios propios.<\/p>\n\n\n\n<p>Antes que el multicitado \u201cAndy\u201d, la Dra Claudia Sheinbaum Pardo exigi\u00f3 que no se le llamara presidente como se encuentra en el diccionario, sino que su menci\u00f3n deb\u00eda ser como presidenta con \u201cA\u201d lo que recalca hasta la fecha.<\/p>\n\n\n\n<p>Lo curioso de esto es que ni la menci\u00f3n de presidenta en el caso de Claudia y la de Andy en la de Andr\u00e9s Manuel era con alguna insana intenci\u00f3n de perjudicarlos, se\u00f1alarlos o estigmatizarlos.<\/p>\n\n\n\n<p>Contrario a su padre \u201cAndy\u201d result\u00f3 con la piel delgada con un mote o menci\u00f3n cari\u00f1osa que le hacen sus amigos desde los primeros a\u00f1os de escuela.<\/p>\n\n\n\n<p>Su padre fue llamado de diversas formas y la \u00fanica que cuestion\u00f3 fue la de \u201cpejelagarto\u201d un pez con tintes prehist\u00f3ricos que abunda en Tabasco. L\u00f3pez Obrador dijo que \u00e9l s\u00ed era peje, pero no lagarto.<\/p>\n\n\n\n<p>En resumidas cuentas, dicen las m\u00e1s altas autoridades surgidas de MORENA que el pueblo da y el pueblo quita, por lo que el mote de \u201cAndy\u201d se le repetir\u00e1 o se le quitar\u00e1 si el pueblo bueno y sabio quiere.<\/p>\n\n\n\n<p>Por lo pronto, la estrategia cumpli\u00f3 su prop\u00f3sito y ni \u00e9l no Luisa Mar\u00eda tuvieron que rendir cuentas sobre el proceso electoral del pasado primero de junio.<\/p>\n\n\n\n<p>&nbsp; &nbsp; &nbsp; &nbsp; &nbsp; &nbsp; &nbsp; &nbsp; &nbsp; &nbsp; &nbsp; &nbsp; &nbsp; &nbsp; &nbsp; &nbsp; &nbsp; &nbsp; &nbsp; &nbsp; &nbsp; &nbsp; &nbsp; &nbsp; &nbsp; &nbsp; &nbsp; &nbsp; &nbsp; &nbsp; &nbsp; &nbsp; &nbsp; &nbsp; &nbsp; &nbsp; &nbsp; &nbsp; &nbsp; &nbsp; &nbsp; &nbsp; &nbsp; &nbsp; &nbsp; &nbsp; &nbsp; \u2026\u2026\u2026\u2026\u2026\u2026\u2026..<\/p>\n\n\n\n<p>Si se trata de dilapidar el presupuesto, Javier May Rodr\u00edguez, gobernador de Tabasco se lleva las palmas. El susodicho quiere construir un nuevo museo de la cultura Olmeca en Villahermosa, donde ya existe uno que tiene m\u00e1s de 60 a\u00f1os de existencia, pero lo quiere agrandar en el sitio en el que conviven la flora y fauna de ese paradisiaco lugar, terminando con un parque que es el principal pulm\u00f3n de la capital tabasque\u00f1a.<\/p>\n\n\n\n<p>Email:&nbsp;<a href=\"mailto:ramonzurita44@hotmail.com\" target=\"_blank\" rel=\"noreferrer noopener\">ramonzurita44@hotmail.com<\/a><\/p>\n\n\n\n<p>Email:&nbsp;<a href=\"mailto:ramonzurita44@gmail.com\" target=\"_blank\" rel=\"noreferrer noopener\">ramonzurita44@gmail.com<\/a><\/p>\n","protected":false},"excerpt":{"rendered":"<p>De frente y de perfil Ram\u00f3n Zurita Sahag\u00fan La estrategia fue bien planeada, result\u00f3 acertada, en parte, aunque, finalmente, se sali\u00f3 de control. El no me llamen \u201cAndy\u201d result\u00f3 el distractor adecuado para que la atenci\u00f3n se centrara en este personaje y no se le pidieran cuentas sobre los resultados electorales de Durango y Veracruz [&hellip;]<\/p>\n","protected":false},"author":1,"featured_media":136079,"comment_status":"open","ping_status":"open","sticky":false,"template":"","format":"standard","meta":{"footnotes":""},"categories":[12],"tags":[],"_links":{"self":[{"href":"https:\/\/diariodigitalmx.com\/index.php\/wp-json\/wp\/v2\/posts\/136072"}],"collection":[{"href":"https:\/\/diariodigitalmx.com\/index.php\/wp-json\/wp\/v2\/posts"}],"about":[{"href":"https:\/\/diariodigitalmx.com\/index.php\/wp-json\/wp\/v2\/types\/post"}],"author":[{"embeddable":true,"href":"https:\/\/diariodigitalmx.com\/index.php\/wp-json\/wp\/v2\/users\/1"}],"replies":[{"embeddable":true,"href":"https:\/\/diariodigitalmx.com\/index.php\/wp-json\/wp\/v2\/comments?post=136072"}],"version-history":[{"count":1,"href":"https:\/\/diariodigitalmx.com\/index.php\/wp-json\/wp\/v2\/posts\/136072\/revisions"}],"predecessor-version":[{"id":136073,"href":"https:\/\/diariodigitalmx.com\/index.php\/wp-json\/wp\/v2\/posts\/136072\/revisions\/136073"}],"wp:featuredmedia":[{"embeddable":true,"href":"https:\/\/diariodigitalmx.com\/index.php\/wp-json\/wp\/v2\/media\/136079"}],"wp:attachment":[{"href":"https:\/\/diariodigitalmx.com\/index.php\/wp-json\/wp\/v2\/media?parent=136072"}],"wp:term":[{"taxonomy":"category","embeddable":true,"href":"https:\/\/diariodigitalmx.com\/index.php\/wp-json\/wp\/v2\/categories?post=136072"},{"taxonomy":"post_tag","embeddable":true,"href":"https:\/\/diariodigitalmx.com\/index.php\/wp-json\/wp\/v2\/tags?post=136072"}],"curies":[{"name":"wp","href":"https:\/\/api.w.org\/{rel}","templated":true}]}}