{"id":136116,"date":"2025-06-10T07:52:33","date_gmt":"2025-06-10T13:52:33","guid":{"rendered":"https:\/\/diariodigitalmx.com\/?p=136116"},"modified":"2025-06-10T07:53:15","modified_gmt":"2025-06-10T13:53:15","slug":"y-ahora-todos-son-ecologistas","status":"publish","type":"post","link":"https:\/\/diariodigitalmx.com\/index.php\/2025\/06\/10\/y-ahora-todos-son-ecologistas\/","title":{"rendered":"Y ahora, todos son ecologistas"},"content":{"rendered":"\n<p>Ra\u00fal Guajardo Cant\u00fa<\/p>\n\n\n\n<p>En varios de nuestros textos hemos criticado el hecho de que nuestra clase pol\u00edtica sea reactiva m\u00e1s que proactiva, cuando algo sucede todos sus integrantes, como si fueran uno solo, unen sus voces para hablar acerca del tema del momento, sin importar si es solo un s\u00edntoma o si realmente constituye un problema de fondo.<\/p>\n\n\n\n<p>Toc\u00f3 ayer ser un ac\u00e9rrimo defensor de las mujeres, ma\u00f1ana tocar\u00e1 ser experto en seguridad y pasado ma\u00f1ana a ver qu\u00e9 sucede. Por lo pronto hoy toca ser ecologista y tomarse la foto levantando alg\u00fan tipo de basura, para que se note la preocupaci\u00f3n por mantener limpio el ambiente que nos rodea.<\/p>\n\n\n\n<p>Estamos de acuerdo con el hecho de que la ecolog\u00eda debe ser una preocupaci\u00f3n, pero todos los d\u00edas y en todos los terrenos, no solamente cuando sucede algo que pone de relieve, pongamos por caso, la contaminaci\u00f3n del aire en la entidad, principalmente en el \u00e1rea metropolitana de Monterrey, sino todos y cada uno de los d\u00edas, con acciones que vayan al fondo del asunto y no solo para la foto.<\/p>\n\n\n\n<p>Hoy todos quieren ir a alguno de los cauces de los r\u00edos o arroyos que hay en el estado y tomarse la foto levantando los residuos que dejan los visitantes, cuando quiz\u00e1 ser\u00eda mejor prevenir precisamente el que la gente tire basura en ellos, pero quiz\u00e1 suceda que la prevenci\u00f3n no sea tan vistosa como lo que ahora hacen.<\/p>\n\n\n\n<p>O tambi\u00e9n puede suceder, nos parece, que tomar acciones de fondo sea malo para las aspiraciones de algunos pol\u00edticos que saben que por ahora para ganar una elecci\u00f3n se requiere ser simp\u00e1tico y no contravenir los deseos de las mayor\u00edas de quienes votan en las elecciones.<\/p>\n\n\n\n<p>En otras palabras, los pol\u00edticos ya no quieren tomar decisiones necesarias pero impopulares, porque ello podr\u00eda representar que los posibles electores decidan que ya no los quieren y ello se refleje en las urnas durante el siguiente proceso electoral.<\/p>\n\n\n\n<p>El caso es que, al final, las decisiones necesarias pero impopulares nadie las toma, por ello los problemas se acumulan y crecen mientras que la clase pol\u00edtica se comporta como si lo m\u00e1s importante fuera que nadie se sintiera ofendido por alguna acci\u00f3n o decisi\u00f3n, lo cual se traduce en inmovilidad y falta de gobernanza.<\/p>\n\n\n\n<p>Consideramos que los gobernantes, y quienes aspiran a serlo, est\u00e1n para tomar decisiones dif\u00edciles, no para ganar concursos de popularidad. Por otra parte, los ciudadanos tienen intereses cada vez m\u00e1s espec\u00edficos, por lo que al final dif\u00edcilmente se dar\u00e1 gusto a todos, mucho menos en tiempos de redes sociales.<\/p>\n\n\n\n<p>La clase pol\u00edtica deber\u00eda entender que, en el largo plazo, ser\u00eda m\u00e1s f\u00e1cil realizar un buen gobierno y crear una narrativa de \u00e9xito precisamente haciendo bien su trabajo y no realizando videos para consumo masivo en redes sociales.<\/p>\n\n\n\n<p>Porque si conocen la historia, por lo menos la del estado, se dar\u00e1n cuenta de que se recuerda mejor a aquellos gobernantes que tomaron medidas de fondo que a quienes fueron como veletas al viento.<\/p>\n\n\n\n<p>Son lecciones que no se pueden pasar por alto.<\/p>\n","protected":false},"excerpt":{"rendered":"<p>Ra\u00fal Guajardo Cant\u00fa En varios de nuestros textos hemos criticado el hecho de que nuestra clase pol\u00edtica sea reactiva m\u00e1s que proactiva, cuando algo sucede todos sus integrantes, como si fueran uno solo, unen sus voces para hablar acerca del tema del momento, sin importar si es solo un s\u00edntoma o si realmente constituye un [&hellip;]<\/p>\n","protected":false},"author":1,"featured_media":135895,"comment_status":"open","ping_status":"open","sticky":false,"template":"","format":"standard","meta":{"footnotes":""},"categories":[12],"tags":[],"_links":{"self":[{"href":"https:\/\/diariodigitalmx.com\/index.php\/wp-json\/wp\/v2\/posts\/136116"}],"collection":[{"href":"https:\/\/diariodigitalmx.com\/index.php\/wp-json\/wp\/v2\/posts"}],"about":[{"href":"https:\/\/diariodigitalmx.com\/index.php\/wp-json\/wp\/v2\/types\/post"}],"author":[{"embeddable":true,"href":"https:\/\/diariodigitalmx.com\/index.php\/wp-json\/wp\/v2\/users\/1"}],"replies":[{"embeddable":true,"href":"https:\/\/diariodigitalmx.com\/index.php\/wp-json\/wp\/v2\/comments?post=136116"}],"version-history":[{"count":1,"href":"https:\/\/diariodigitalmx.com\/index.php\/wp-json\/wp\/v2\/posts\/136116\/revisions"}],"predecessor-version":[{"id":136117,"href":"https:\/\/diariodigitalmx.com\/index.php\/wp-json\/wp\/v2\/posts\/136116\/revisions\/136117"}],"wp:featuredmedia":[{"embeddable":true,"href":"https:\/\/diariodigitalmx.com\/index.php\/wp-json\/wp\/v2\/media\/135895"}],"wp:attachment":[{"href":"https:\/\/diariodigitalmx.com\/index.php\/wp-json\/wp\/v2\/media?parent=136116"}],"wp:term":[{"taxonomy":"category","embeddable":true,"href":"https:\/\/diariodigitalmx.com\/index.php\/wp-json\/wp\/v2\/categories?post=136116"},{"taxonomy":"post_tag","embeddable":true,"href":"https:\/\/diariodigitalmx.com\/index.php\/wp-json\/wp\/v2\/tags?post=136116"}],"curies":[{"name":"wp","href":"https:\/\/api.w.org\/{rel}","templated":true}]}}