{"id":136122,"date":"2025-06-10T07:57:22","date_gmt":"2025-06-10T13:57:22","guid":{"rendered":"https:\/\/diariodigitalmx.com\/?p=136122"},"modified":"2025-06-10T08:22:23","modified_gmt":"2025-06-10T14:22:23","slug":"concreta-adrian-de-la-garza-alianza-educativa-con-el-tec-de-monterrey","status":"publish","type":"post","link":"https:\/\/diariodigitalmx.com\/index.php\/2025\/06\/10\/concreta-adrian-de-la-garza-alianza-educativa-con-el-tec-de-monterrey\/","title":{"rendered":"Concreta Adri\u00e1n de la Garza alianza educativa con el Tec de Monterrey"},"content":{"rendered":"\n<figure class=\"wp-block-image size-large\"><img loading=\"lazy\" decoding=\"async\" width=\"1024\" height=\"683\" src=\"https:\/\/diariodigitalmx.com\/wp-content\/uploads\/2025\/06\/CONVENIO-ITESM-2-1024x683.jpg\" alt=\"\" class=\"wp-image-136130\" srcset=\"https:\/\/diariodigitalmx.com\/wp-content\/uploads\/2025\/06\/CONVENIO-ITESM-2-1024x683.jpg 1024w, https:\/\/diariodigitalmx.com\/wp-content\/uploads\/2025\/06\/CONVENIO-ITESM-2-300x200.jpg 300w, https:\/\/diariodigitalmx.com\/wp-content\/uploads\/2025\/06\/CONVENIO-ITESM-2-768x512.jpg 768w, https:\/\/diariodigitalmx.com\/wp-content\/uploads\/2025\/06\/CONVENIO-ITESM-2-1536x1024.jpg 1536w, https:\/\/diariodigitalmx.com\/wp-content\/uploads\/2025\/06\/CONVENIO-ITESM-2-2048x1366.jpg 2048w\" sizes=\"(max-width: 1024px) 100vw, 1024px\" \/><\/figure>\n\n\n\n<p>\u00b7&nbsp;&nbsp;&nbsp;&nbsp;&nbsp;&nbsp;&nbsp;&nbsp;&nbsp;<em>Los alumnos de la instituci\u00f3n tendr\u00e1n oportunidad de obtener experiencia dentro de la administraci\u00f3n municipal y el gobierno local aprovechar\u00e1 su juventud e ideas para evolucionar<\/em><\/p>\n\n\n\n<p>Con el compromiso de integrar a las juventudes al desarrollo de la ciudad, el alcalde Adri\u00e1n de la Garza firm\u00f3 un convenio de colaboraci\u00f3n con el Tecnol\u00f3gico de Monterrey para fortalecer la formaci\u00f3n profesional y social de los estudiantes.<\/p>\n\n\n\n<p>Desde el Foro de Rector\u00eda, De la Garza encabez\u00f3 la firma de este acuerdo que busca vincular la academia con la administraci\u00f3n p\u00fablica, generando beneficios directos para la comunidad.<\/p>\n\n\n\n<p>\u201cEs muy importante y significativo hacer la formalizaci\u00f3n del convenio porque, aunque ya se ha estado haciendo creo que hay muchos campos en la administraci\u00f3n de Monterrey donde podemos ampliar mucho m\u00e1s la participaci\u00f3n de los alumnos y\u00a0que luego tambi\u00e9n pueden ser parte formalmente de la administraci\u00f3n.<\/p>\n\n\n\n<figure class=\"wp-block-image size-large\"><img loading=\"lazy\" decoding=\"async\" width=\"1024\" height=\"683\" src=\"https:\/\/diariodigitalmx.com\/wp-content\/uploads\/2025\/06\/CONVENIO-ITESM-4-1024x683.jpg\" alt=\"\" class=\"wp-image-136132\" srcset=\"https:\/\/diariodigitalmx.com\/wp-content\/uploads\/2025\/06\/CONVENIO-ITESM-4-1024x683.jpg 1024w, https:\/\/diariodigitalmx.com\/wp-content\/uploads\/2025\/06\/CONVENIO-ITESM-4-300x200.jpg 300w, https:\/\/diariodigitalmx.com\/wp-content\/uploads\/2025\/06\/CONVENIO-ITESM-4-768x512.jpg 768w, https:\/\/diariodigitalmx.com\/wp-content\/uploads\/2025\/06\/CONVENIO-ITESM-4-1536x1024.jpg 1536w, https:\/\/diariodigitalmx.com\/wp-content\/uploads\/2025\/06\/CONVENIO-ITESM-4-2048x1366.jpg 2048w\" sizes=\"(max-width: 1024px) 100vw, 1024px\" \/><\/figure>\n\n\n\n<p>\u201cCreo que como ciudad debemos de aprovechar que tenemos una de las instituciones educativas m\u00e1s importantes de Am\u00e9rica y&nbsp;del mundo y lo digo con mucho orgullo\u201d, afirm\u00f3 el mun\u00edcipe.<\/p>\n\n\n\n<p>El convenio contempla actividades como servicio social, pr\u00e1cticas profesionales, estancias, participaci\u00f3n en grupos estudiantiles, cl\u00ednicas y proyectos de impacto comunitario, en colaboraci\u00f3n con diversas dependencias del Gobierno municipal.<\/p>\n\n\n\n<p>La colaboraci\u00f3n tambi\u00e9n permitir\u00e1 que la administraci\u00f3n regiomontana cuente con recurso humano capacitado para ejecutar programas y proyectos sociales, mientras que los alumnos obtendr\u00e1n herramientas clave para aumentar su preparaci\u00f3n, competitividad e impacto profesional.<\/p>\n\n\n\n<p>Al evento asistieron Rafael Ramos, secretario de Participaci\u00f3n Ciudadana; Marcelo Segovia, secretario de Administraci\u00f3n y autoridades del ITESM como el Dr. Mario Adri\u00e1n Flores Castro, vicepresidente de la Regi\u00f3n Monterrey; el Dr. Gabriel Aguilera L\u00f3pez, decano regional de la Escuela de Ciencias Sociales y Gobierno; y la Dra. Naayeli Ram\u00edrez Espinoza, directora del Departamento de Derecho.<\/p>\n","protected":false},"excerpt":{"rendered":"<p>\u00b7&nbsp;&nbsp;&nbsp;&nbsp;&nbsp;&nbsp;&nbsp;&nbsp;&nbsp;Los alumnos de la instituci\u00f3n tendr\u00e1n oportunidad de obtener experiencia dentro de la administraci\u00f3n municipal y el gobierno local aprovechar\u00e1 su juventud e ideas para evolucionar Con el compromiso de integrar a las juventudes al desarrollo de la ciudad, el alcalde Adri\u00e1n de la Garza firm\u00f3 un convenio de colaboraci\u00f3n con el Tecnol\u00f3gico de Monterrey [&hellip;]<\/p>\n","protected":false},"author":1,"featured_media":136129,"comment_status":"open","ping_status":"open","sticky":false,"template":"","format":"standard","meta":{"footnotes":""},"categories":[6],"tags":[],"_links":{"self":[{"href":"https:\/\/diariodigitalmx.com\/index.php\/wp-json\/wp\/v2\/posts\/136122"}],"collection":[{"href":"https:\/\/diariodigitalmx.com\/index.php\/wp-json\/wp\/v2\/posts"}],"about":[{"href":"https:\/\/diariodigitalmx.com\/index.php\/wp-json\/wp\/v2\/types\/post"}],"author":[{"embeddable":true,"href":"https:\/\/diariodigitalmx.com\/index.php\/wp-json\/wp\/v2\/users\/1"}],"replies":[{"embeddable":true,"href":"https:\/\/diariodigitalmx.com\/index.php\/wp-json\/wp\/v2\/comments?post=136122"}],"version-history":[{"count":2,"href":"https:\/\/diariodigitalmx.com\/index.php\/wp-json\/wp\/v2\/posts\/136122\/revisions"}],"predecessor-version":[{"id":136133,"href":"https:\/\/diariodigitalmx.com\/index.php\/wp-json\/wp\/v2\/posts\/136122\/revisions\/136133"}],"wp:featuredmedia":[{"embeddable":true,"href":"https:\/\/diariodigitalmx.com\/index.php\/wp-json\/wp\/v2\/media\/136129"}],"wp:attachment":[{"href":"https:\/\/diariodigitalmx.com\/index.php\/wp-json\/wp\/v2\/media?parent=136122"}],"wp:term":[{"taxonomy":"category","embeddable":true,"href":"https:\/\/diariodigitalmx.com\/index.php\/wp-json\/wp\/v2\/categories?post=136122"},{"taxonomy":"post_tag","embeddable":true,"href":"https:\/\/diariodigitalmx.com\/index.php\/wp-json\/wp\/v2\/tags?post=136122"}],"curies":[{"name":"wp","href":"https:\/\/api.w.org\/{rel}","templated":true}]}}