{"id":136138,"date":"2025-06-10T08:27:42","date_gmt":"2025-06-10T14:27:42","guid":{"rendered":"https:\/\/diariodigitalmx.com\/?p=136138"},"modified":"2025-06-10T08:33:24","modified_gmt":"2025-06-10T14:33:24","slug":"sera-el-tercero","status":"publish","type":"post","link":"https:\/\/diariodigitalmx.com\/index.php\/2025\/06\/10\/sera-el-tercero\/","title":{"rendered":"\u00bfSer\u00e1 el tercero?"},"content":{"rendered":"\n<p>De frente y de perfil<\/p>\n\n\n\n<p>Ram\u00f3n Zurita Sahag\u00fan<\/p>\n\n\n\n<p>En un pa\u00eds construido a base del mestizaje, la procedencia de una persona exitosa de origen ind\u00edgena recibe siempre halagos al por mayor.<\/p>\n\n\n\n<p>Se trata de mostrar que M\u00e9xico no es una naci\u00f3n discriminatoria, aunque la realidad demuestre lo contrario.<\/p>\n\n\n\n<p>Tanto as\u00ed que asoma una persona hombre o mujer con ra\u00edces ind\u00edgenas y de inmediato se quema incienso, tal vez por el abandono en que se encuentran las culturas originarias.<\/p>\n\n\n\n<p>Cuando menos 57 pueblos ind\u00edgenas distribuidos a lo largo y ancho de la Rep\u00fablica Mexicana, han sido menospreciados por los distintos partidos que han pasado por la Presidencia de la Rep\u00fablica en los \u00faltimos 70 a\u00f1os.<\/p>\n\n\n\n<p>Se les reivindica cada cambio de gobierno, se anuncian millonarias inversiones que no llegan a plasmarse en la realidad.<\/p>\n\n\n\n<p>Eso s\u00ed, durante ciertos lapsos se manifiesta el apoyo que se le da, supuestamente, a esas cultura que forman parte del M\u00e9xico folkl\u00f3rico, pero que realmente no est\u00e1n integradas a la modernidad y que muestran un atraso terrible comparativamente con el desarrollo del pa\u00eds.<\/p>\n\n\n\n<p>Muchos de esos pueblos originarios no tienen ni siquiera las condiciones necesarias para su desarrollo, carecen de agua potable, de hospitales o cl\u00ednicas m\u00e9dicas, escuelas, a la que tienen que acudir caminando varios kil\u00f3metros, caminos y carreteras, adem\u00e1s de que muchas de esas tierras son improductivas.<\/p>\n\n\n\n<p>Los pueblos ind\u00edgenas son atractivos tur\u00edsticos, algunos, aunque la derrama econ\u00f3mica no los beneficia.<\/p>\n\n\n\n<p>El Tren Maya viene a ser como el tren que recorre la Ruta del Chepe, con escenarios maravillosos, que atraviesan las tierras en las que viven los Mayas y los Tarahumaras, Tepehuanes y hasta los Pimas.<\/p>\n\n\n\n<p>Esos pueblos originarios siguen viviendo en el atraso y todas las campa\u00f1as presidenciales escuchan de voz de los diversos candidatos promesas para el futuro que no se cumplen.<\/p>\n\n\n\n<p>Proceder de alguna de esas culturas resulta relevante y son muchos los que se cobijan bajo ellas, aun no siendo ind\u00edgena puro.<\/p>\n\n\n\n<p>En la pasada campa\u00f1a electoral una de las candidatas manifest\u00f3 su antecedente ind\u00edgena, aunque en realidad procede del mestizaje como la mayor parte de la poblaci\u00f3n mexicana.<\/p>\n\n\n\n<p>Sin embargo, eso viste mucho y resulta atractivo para recaudar votos, pero al rato pasa la euforia y las cosas vuelven a su ruta normal.<\/p>\n\n\n\n<p>Pueblos en los que los usos y costumbres forman parte de la tradici\u00f3n para elegir a sus autoridades existen todav\u00eda en varias entidades del pa\u00eds, especialmente en Oaxaca y Chiapas.<\/p>\n\n\n\n<p>De uno de esos estados procede Hugo Aguilar R\u00edos (Oaxaca), quien fue electo como ministro de la Suprema Corte con el mayor n\u00famero de votos durante el tan cuestionado proceso electoral del pasado primero de junio.<\/p>\n\n\n\n<p>Es originario de uno de los pueblos mixtecos del norte de Oaxaca y es un destacado abogado de las causas ind\u00edgenas, dicen sus bi\u00f3grafos, aunque muchos destacan antes que nada su procedencia ind\u00edgena.<\/p>\n\n\n\n<p>Hasta la propia Presidenta Claudia Sheinbaum Pardo destacaba que hab\u00eda un candidato a la Corte con origen ind\u00edgena, dejando de lado sus blasones como jurista.<\/p>\n\n\n\n<p>Ahora, sin haber tomado posesi\u00f3n todav\u00eda como ministros de la Corte y presidente de la misma, comienzan a cortejarlo como futuro candidato presidencial y as\u00ed cerrar el c\u00edrculo de reconocimiento a la estirpe ind\u00edgena.<\/p>\n\n\n\n<p>En los poco m\u00e1s de 200 a\u00f1os de constituir un pa\u00eds libre y soberano, solamente en tres ocasiones han logrado los pueblos tradicionales que uno de sus integrantes sea Presidente de la Rep\u00fablica.<\/p>\n\n\n\n<p>Uno de ellos es de los m\u00e1s reconocidos, el otro es simplemente olvidado y considerado como \u201cchacal\u201d.<\/p>\n\n\n\n<p>Benito Ju\u00e1rez y Victoriano Huerta, lo consiguieron con sus m\u00e9todos, Hugo Aguilar podr\u00e1 hacerlo, falta mucho y primero se deber\u00e1 ver su manejo en la Corte.<\/p>\n\n\n\n<p>Email:&nbsp;<a href=\"mailto:ramonzurita44@hotmail.com\" target=\"_blank\" rel=\"noreferrer noopener\">ramonzurita44@hotmail.com<\/a><\/p>\n\n\n\n<p>Email:&nbsp;<a href=\"mailto:ramonzurita44@gmail.com\" target=\"_blank\" rel=\"noreferrer noopener\">ramonzurita44@gmail.com<\/a><\/p>\n","protected":false},"excerpt":{"rendered":"<p>De frente y de perfil Ram\u00f3n Zurita Sahag\u00fan En un pa\u00eds construido a base del mestizaje, la procedencia de una persona exitosa de origen ind\u00edgena recibe siempre halagos al por mayor. Se trata de mostrar que M\u00e9xico no es una naci\u00f3n discriminatoria, aunque la realidad demuestre lo contrario. Tanto as\u00ed que asoma una persona hombre [&hellip;]<\/p>\n","protected":false},"author":1,"featured_media":136144,"comment_status":"open","ping_status":"open","sticky":false,"template":"","format":"standard","meta":{"footnotes":""},"categories":[12],"tags":[],"_links":{"self":[{"href":"https:\/\/diariodigitalmx.com\/index.php\/wp-json\/wp\/v2\/posts\/136138"}],"collection":[{"href":"https:\/\/diariodigitalmx.com\/index.php\/wp-json\/wp\/v2\/posts"}],"about":[{"href":"https:\/\/diariodigitalmx.com\/index.php\/wp-json\/wp\/v2\/types\/post"}],"author":[{"embeddable":true,"href":"https:\/\/diariodigitalmx.com\/index.php\/wp-json\/wp\/v2\/users\/1"}],"replies":[{"embeddable":true,"href":"https:\/\/diariodigitalmx.com\/index.php\/wp-json\/wp\/v2\/comments?post=136138"}],"version-history":[{"count":1,"href":"https:\/\/diariodigitalmx.com\/index.php\/wp-json\/wp\/v2\/posts\/136138\/revisions"}],"predecessor-version":[{"id":136139,"href":"https:\/\/diariodigitalmx.com\/index.php\/wp-json\/wp\/v2\/posts\/136138\/revisions\/136139"}],"wp:featuredmedia":[{"embeddable":true,"href":"https:\/\/diariodigitalmx.com\/index.php\/wp-json\/wp\/v2\/media\/136144"}],"wp:attachment":[{"href":"https:\/\/diariodigitalmx.com\/index.php\/wp-json\/wp\/v2\/media?parent=136138"}],"wp:term":[{"taxonomy":"category","embeddable":true,"href":"https:\/\/diariodigitalmx.com\/index.php\/wp-json\/wp\/v2\/categories?post=136138"},{"taxonomy":"post_tag","embeddable":true,"href":"https:\/\/diariodigitalmx.com\/index.php\/wp-json\/wp\/v2\/tags?post=136138"}],"curies":[{"name":"wp","href":"https:\/\/api.w.org\/{rel}","templated":true}]}}