{"id":136145,"date":"2025-06-10T09:56:58","date_gmt":"2025-06-10T15:56:58","guid":{"rendered":"https:\/\/diariodigitalmx.com\/?p=136145"},"modified":"2025-06-10T09:58:59","modified_gmt":"2025-06-10T15:58:59","slug":"presentan-iniciativa-contra-violencia-etnico-racial","status":"publish","type":"post","link":"https:\/\/diariodigitalmx.com\/index.php\/2025\/06\/10\/presentan-iniciativa-contra-violencia-etnico-racial\/","title":{"rendered":"Presentan iniciativa contra violencia \u00e9tnico racial"},"content":{"rendered":"\n<p>Porque dentro de la Ley de Acceso a las Mujeres para una Vida Libre de Violencia, de Nuevo Le\u00f3n no se encuentra contemplada, ciudadanos, activistas y la Diputada de Acci\u00f3n Nacional, Itzel Castillo Almanza presentaron una iniciativa de reforma para establecer en la normativa el delito de violencia \u00e9tnico racial.<\/p>\n\n\n\n<p>La propuesta fue hecha por Ayli Caballero Ortiz, estudiante de derecho del Tecnol\u00f3gico de Monterrey.<\/p>\n\n\n\n<p>\u201cEsta iniciativa nace porque not\u00e9 que hac\u00eda falta un enfoque interseccional en las leyes mexicanas sobre todo en el contexto de Nuevo Le\u00f3n cuando se habla de mujeres ind\u00edgenas y mujeres afrodescendientes. Regularmente la Ley de Violencia contra las Mujeres no contempla que puede haber la violencia \u00e9tnico racial y que esto atraviesa a las mujeres en todos los contextos sin importar sus realidades y es por eso que nace esta iniciativa\u201d, explic\u00f3 la alumna.<\/p>\n\n\n\n<p>Por su parte, Rufina Garc\u00eda Miguel, integrante de &#8220;Zihuakali&#8221;, Casa de Mujeres Ind\u00edgena y Afro Descendientes de Nuevo Le\u00f3n, dijo que es necesario visibilizar la violencia \u00e9tnico racial para erradicarla.<\/p>\n\n\n\n<p>\u201cVisibiliza una realidad que hay respecto a la violencia \u00e9tnico racial que se vive sobre todo en diversos aspectos de las mujeres ind\u00edgenas en su acceso a la salud, a la educaci\u00f3n, al trabajo y, sobre todo, a una vida libre de violencia, al acceso de la justicia. Hacen falta mecanismos con pertinencia cultural, con una atenci\u00f3n de enfoque diferencial para el acceso de estas mujeres ind\u00edgenas que son cerca de 300 mil mujeres ind\u00edgenas que viven en Nuevo Le\u00f3n para que puedan ver una verdadera justicia dentro de todos los procesos jurisprudenciales que llevan a cabo\u201d, asegur\u00f3.<\/p>\n\n\n\n<p>En tanto, Itzel Castillo anunci\u00f3 que hablar\u00e1 con el titular de la Fiscal\u00eda General del Estado para evitar la discriminaci\u00f3n de las mujeres ind\u00edgenas o afrodescendientes.<\/p>\n\n\n\n<p>\u201cEs el acceso a la justicia para ellos si es para un ciudadano com\u00fan es complicado imag\u00ednense que no haya un int\u00e9rprete como tal, buscar a la fiscal y a la fiscal en feminicidios para ver c\u00f3mo podemos plasmarlo en la ley de la Fiscal\u00eda General y visibilizar para dar la atenci\u00f3n como cualquier otro ciudadano, no podemos seguir ahorita en el 2025 discriminando a un grupo porque es un grupo grande en la Entidad\u201d, enfatiz\u00f3 la legisladora albiazul.<\/p>\n\n\n\n<p>De &#8220;Zihuakali&#8221; Casa de Mujeres Ind\u00edgena y Afro Descendientes de Nuevo Le\u00f3n tambi\u00e9n estuvieron en la entrega de la iniciativa \u00c1frica Elizondo y Antonia Silva.<\/p>\n","protected":false},"excerpt":{"rendered":"<p>Porque dentro de la Ley de Acceso a las Mujeres para una Vida Libre de Violencia, de Nuevo Le\u00f3n no se encuentra contemplada, ciudadanos, activistas y la Diputada de Acci\u00f3n Nacional, Itzel Castillo Almanza presentaron una iniciativa de reforma para establecer en la normativa el delito de violencia \u00e9tnico racial. La propuesta fue hecha por [&hellip;]<\/p>\n","protected":false},"author":1,"featured_media":136148,"comment_status":"open","ping_status":"open","sticky":false,"template":"","format":"standard","meta":{"footnotes":""},"categories":[6],"tags":[],"_links":{"self":[{"href":"https:\/\/diariodigitalmx.com\/index.php\/wp-json\/wp\/v2\/posts\/136145"}],"collection":[{"href":"https:\/\/diariodigitalmx.com\/index.php\/wp-json\/wp\/v2\/posts"}],"about":[{"href":"https:\/\/diariodigitalmx.com\/index.php\/wp-json\/wp\/v2\/types\/post"}],"author":[{"embeddable":true,"href":"https:\/\/diariodigitalmx.com\/index.php\/wp-json\/wp\/v2\/users\/1"}],"replies":[{"embeddable":true,"href":"https:\/\/diariodigitalmx.com\/index.php\/wp-json\/wp\/v2\/comments?post=136145"}],"version-history":[{"count":1,"href":"https:\/\/diariodigitalmx.com\/index.php\/wp-json\/wp\/v2\/posts\/136145\/revisions"}],"predecessor-version":[{"id":136146,"href":"https:\/\/diariodigitalmx.com\/index.php\/wp-json\/wp\/v2\/posts\/136145\/revisions\/136146"}],"wp:featuredmedia":[{"embeddable":true,"href":"https:\/\/diariodigitalmx.com\/index.php\/wp-json\/wp\/v2\/media\/136148"}],"wp:attachment":[{"href":"https:\/\/diariodigitalmx.com\/index.php\/wp-json\/wp\/v2\/media?parent=136145"}],"wp:term":[{"taxonomy":"category","embeddable":true,"href":"https:\/\/diariodigitalmx.com\/index.php\/wp-json\/wp\/v2\/categories?post=136145"},{"taxonomy":"post_tag","embeddable":true,"href":"https:\/\/diariodigitalmx.com\/index.php\/wp-json\/wp\/v2\/tags?post=136145"}],"curies":[{"name":"wp","href":"https:\/\/api.w.org\/{rel}","templated":true}]}}