{"id":136201,"date":"2025-06-11T22:59:03","date_gmt":"2025-06-12T04:59:03","guid":{"rendered":"https:\/\/diariodigitalmx.com\/?p=136201"},"modified":"2025-06-11T23:00:18","modified_gmt":"2025-06-12T05:00:18","slug":"el-congreso-de-nl-apuesta-por-profesionalizacion-para-servir-a-ciudadanos","status":"publish","type":"post","link":"https:\/\/diariodigitalmx.com\/index.php\/2025\/06\/11\/el-congreso-de-nl-apuesta-por-profesionalizacion-para-servir-a-ciudadanos\/","title":{"rendered":"El Congreso de NL, apuesta por profesionalizaci\u00f3n para servir a ciudadanos"},"content":{"rendered":"\n<p>Con el objetivo de elevar la calidad del servicio que el Poder Legislativo brinda a la ciudadan\u00eda, la presidenta del Congreso del Estado de Nuevo Le\u00f3n,&nbsp;<strong>Lorena de la Garza<\/strong>, firm\u00f3 un convenio de colaboraci\u00f3n con la Facultad de Ciencias Pol\u00edticas y Relaciones Internacionales de la&nbsp;<strong>Universidad Aut\u00f3noma de Nuevo Le\u00f3n (UANL)<\/strong>.<\/p>\n\n\n\n<p>A trav\u00e9s de este acuerdo, los colaboradores del Congreso, asesores legislativos, personal jur\u00eddico, de comunicaci\u00f3n, del Centro de Estudios Legislativos y otras \u00e1reas, podr\u00e1n acceder a programas de posgrado, formaci\u00f3n continua y certificaci\u00f3n de competencias laborales mediante el sistema&nbsp;<strong>CONOCER<\/strong>. Este esfuerzo no solo representa una oportunidad de crecimiento para los trabajadores, sino que refuerza la preparaci\u00f3n del Congreso para enfrentar los retos actuales y futuros.<\/p>\n\n\n\n<p>\u201cEstoy convencida de que la preparaci\u00f3n continua es la v\u00eda para estar a la altura de lo que los ciudadanos esperan de nosotros. Profesionalizarnos no solo dignifica nuestra labor como servidores p\u00fablicos, sino que tambi\u00e9n nos permite brindar un mejor servicio, con mayor eficiencia y sensibilidad\u201d, afirm\u00f3 Lorena de la Garza durante la firma del convenio.<\/p>\n\n\n\n<p>El convenio contempla dos beneficios principales: el acceso a la&nbsp;<strong>Maestr\u00eda en Ciencias Pol\u00edticas<\/strong>&nbsp;y la posibilidad de&nbsp;<strong>certificaci\u00f3n laboral<\/strong>, consolidando al Congreso de Nuevo Le\u00f3n como uno de los primeros en el pa\u00eds en contar con personal certificado profesionalmente.<\/p>\n\n\n\n<p>Durante el evento, la diputada presidenta expres\u00f3 su agradecimiento al&nbsp;<strong>Dr. Abraham Alfredo Hern\u00e1ndez Paz<\/strong>, director de la&nbsp;<strong>Facultad de Ciencias Pol\u00edticas y Relaciones Internacionales (FCPyRI)<\/strong>, as\u00ed como a las autoridades y catedr\u00e1ticos de la facultad que acompa\u00f1aron este importante acto.<\/p>\n\n\n\n<p>Asimismo, reconoci\u00f3 y agradeci\u00f3 la presencia y respaldo de los coordinadores de los distintos grupos legislativos del Congreso que se sumaron al acto de firma, el&nbsp;<strong>Dip. Carlos Alberto de la Fuente Flores<\/strong>, coordinador del grupo legislativo del PAN,&nbsp;<strong>Dip. Heriberto Trevi\u00f1o Cant\u00fa<\/strong>, coordinador del grupo legislativo del PRI y&nbsp;<strong>Dip. Claudia Mayela Chapa Marmolejo<\/strong>, coordinadora del grupo legislativo del Partido Verde.<\/p>\n","protected":false},"excerpt":{"rendered":"<p>Con el objetivo de elevar la calidad del servicio que el Poder Legislativo brinda a la ciudadan\u00eda, la presidenta del Congreso del Estado de Nuevo Le\u00f3n,&nbsp;Lorena de la Garza, firm\u00f3 un convenio de colaboraci\u00f3n con la Facultad de Ciencias Pol\u00edticas y Relaciones Internacionales de la&nbsp;Universidad Aut\u00f3noma de Nuevo Le\u00f3n (UANL). A trav\u00e9s de este acuerdo, [&hellip;]<\/p>\n","protected":false},"author":1,"featured_media":136203,"comment_status":"open","ping_status":"open","sticky":false,"template":"","format":"standard","meta":{"footnotes":""},"categories":[6],"tags":[],"_links":{"self":[{"href":"https:\/\/diariodigitalmx.com\/index.php\/wp-json\/wp\/v2\/posts\/136201"}],"collection":[{"href":"https:\/\/diariodigitalmx.com\/index.php\/wp-json\/wp\/v2\/posts"}],"about":[{"href":"https:\/\/diariodigitalmx.com\/index.php\/wp-json\/wp\/v2\/types\/post"}],"author":[{"embeddable":true,"href":"https:\/\/diariodigitalmx.com\/index.php\/wp-json\/wp\/v2\/users\/1"}],"replies":[{"embeddable":true,"href":"https:\/\/diariodigitalmx.com\/index.php\/wp-json\/wp\/v2\/comments?post=136201"}],"version-history":[{"count":1,"href":"https:\/\/diariodigitalmx.com\/index.php\/wp-json\/wp\/v2\/posts\/136201\/revisions"}],"predecessor-version":[{"id":136202,"href":"https:\/\/diariodigitalmx.com\/index.php\/wp-json\/wp\/v2\/posts\/136201\/revisions\/136202"}],"wp:featuredmedia":[{"embeddable":true,"href":"https:\/\/diariodigitalmx.com\/index.php\/wp-json\/wp\/v2\/media\/136203"}],"wp:attachment":[{"href":"https:\/\/diariodigitalmx.com\/index.php\/wp-json\/wp\/v2\/media?parent=136201"}],"wp:term":[{"taxonomy":"category","embeddable":true,"href":"https:\/\/diariodigitalmx.com\/index.php\/wp-json\/wp\/v2\/categories?post=136201"},{"taxonomy":"post_tag","embeddable":true,"href":"https:\/\/diariodigitalmx.com\/index.php\/wp-json\/wp\/v2\/tags?post=136201"}],"curies":[{"name":"wp","href":"https:\/\/api.w.org\/{rel}","templated":true}]}}