{"id":136204,"date":"2025-06-12T08:05:32","date_gmt":"2025-06-12T14:05:32","guid":{"rendered":"https:\/\/diariodigitalmx.com\/?p=136204"},"modified":"2025-06-12T08:06:09","modified_gmt":"2025-06-12T14:06:09","slug":"no-se-toca-ni-se-construye","status":"publish","type":"post","link":"https:\/\/diariodigitalmx.com\/index.php\/2025\/06\/12\/no-se-toca-ni-se-construye\/","title":{"rendered":"No se toca ni se construye"},"content":{"rendered":"\n<p>Ra\u00fal Guajardo Cant\u00fa&nbsp;<\/p>\n\n\n\n<p>Algo est\u00e1 sucediendo en nuestro estado que podr\u00eda afectar a todos los ciudadanos. Al parecer existe una lucha soterrada con miras a la elecci\u00f3n de 2027 que tiene sus movimientos estrat\u00e9gicos en los diferentes niveles de gobierno.<\/p>\n\n\n\n<p>Mientras que el aspirante m\u00e1s adelantado de la oposici\u00f3n ocupa el llamado Palacio de Cristal, el principal vocero de MC despacha en el Palacio de Cantera y eso de una u otra forma no son buenas noticias para nosotros.<\/p>\n\n\n\n<p>Hemos comentado en algunos de nuestros art\u00edculos que, por lo que respecta al problema de la movilidad, se deben tomar acciones de corto, mediano y largo plazo, ya que es un asunto complejo con diferentes niveles de soluci\u00f3n.<\/p>\n\n\n\n<p>Por una parte, la construcci\u00f3n de segundos pisos en arterias como Gonzalitos y el eje Constituci\u00f3n &#8211; Morones Prieto es urgente, as\u00ed como otros cuantos tramos elevados.<\/p>\n\n\n\n<p>Es cierto que hay quienes sostienen que esa es una soluci\u00f3n pensada para una ciudad en la que prevalece el transporte privado, pero que la soluci\u00f3n de fondo pasa por el mejoramiento y promoci\u00f3n del transporte p\u00fablico.<\/p>\n\n\n\n<p>Estamos de acuerdo en que esa ser\u00eda una excelente soluci\u00f3n al problema de la movilidad, solo que requiere de un horizonte de muy largo plazo en el cual se debe promover una cultura del uso del transporte p\u00fablico que por ahora no existe y que no se crear\u00e1 de la noche a la ma\u00f1ana.<\/p>\n\n\n\n<p>Por eso es que se requiere de algunas soluciones intermedias que nos den un respiro, aunque no constituyan soluciones finales si es que estas existen.<\/p>\n\n\n\n<p>As\u00ed que llama la atenci\u00f3n que, despu\u00e9s de que el gobernador del estado anunciara hace unos meses la construcci\u00f3n de un viaducto elevado sobre Morones Prieto, hoy declare como \u00e1rea protegida el r\u00edo Santa Catarina, un paraje que, si mal no recordamos, mand\u00f3 despejar de \u00e1rboles y vegetaci\u00f3n.<\/p>\n\n\n\n<p>Al parecer, el gobernador cambi\u00f3 de opini\u00f3n y hoy considera que el r\u00edo es un pulm\u00f3n para el \u00e1rea metropolitana de Monterrey y por ello \u201cno se toca ni se construye\u201d. No importa si debido a eso la movilidad contin\u00faa colapsada.<\/p>\n\n\n\n<p>Hay, por otra parte, quien ve en este caso un trasfondo pol\u00edtico, ya que ahora el promotor del segundo piso en esta arteria es el alcalde de Monterrey y aspirante a la gubernatura, Adri\u00e1n de la Garza, quien est\u00e1 construyendo pacientemente su opci\u00f3n para competir por segunda ocasi\u00f3n por el puesto de gobernador.<\/p>\n\n\n\n<p>No quisi\u00e9ramos creer que esta sea la verdad, que por oponerse a una acci\u00f3n del aspirante a ocupar su puesto, Samuel Garc\u00eda prefiera que la movilidad, uno de los ejes de su campa\u00f1a, contin\u00fae siendo un problema que se acrecienta conforme pasa el tiempo.<\/p>\n\n\n\n<p>Como ciudadanos deber\u00edamos esperar que nuestros gobernantes antepusieran su deber a la consecuci\u00f3n de sus fines personales, esperemos que las cosas no sean como algunos sospechan y que realmente exista un estudio serio que avale lo propuesto por el gobernador, pero que, independientemente de este, presente una opci\u00f3n para mejorar la vialidad en el corto plazo.<\/p>\n","protected":false},"excerpt":{"rendered":"<p>Ra\u00fal Guajardo Cant\u00fa&nbsp; Algo est\u00e1 sucediendo en nuestro estado que podr\u00eda afectar a todos los ciudadanos. Al parecer existe una lucha soterrada con miras a la elecci\u00f3n de 2027 que tiene sus movimientos estrat\u00e9gicos en los diferentes niveles de gobierno. Mientras que el aspirante m\u00e1s adelantado de la oposici\u00f3n ocupa el llamado Palacio de Cristal, [&hellip;]<\/p>\n","protected":false},"author":1,"featured_media":135895,"comment_status":"open","ping_status":"open","sticky":false,"template":"","format":"standard","meta":{"footnotes":""},"categories":[12],"tags":[],"_links":{"self":[{"href":"https:\/\/diariodigitalmx.com\/index.php\/wp-json\/wp\/v2\/posts\/136204"}],"collection":[{"href":"https:\/\/diariodigitalmx.com\/index.php\/wp-json\/wp\/v2\/posts"}],"about":[{"href":"https:\/\/diariodigitalmx.com\/index.php\/wp-json\/wp\/v2\/types\/post"}],"author":[{"embeddable":true,"href":"https:\/\/diariodigitalmx.com\/index.php\/wp-json\/wp\/v2\/users\/1"}],"replies":[{"embeddable":true,"href":"https:\/\/diariodigitalmx.com\/index.php\/wp-json\/wp\/v2\/comments?post=136204"}],"version-history":[{"count":1,"href":"https:\/\/diariodigitalmx.com\/index.php\/wp-json\/wp\/v2\/posts\/136204\/revisions"}],"predecessor-version":[{"id":136205,"href":"https:\/\/diariodigitalmx.com\/index.php\/wp-json\/wp\/v2\/posts\/136204\/revisions\/136205"}],"wp:featuredmedia":[{"embeddable":true,"href":"https:\/\/diariodigitalmx.com\/index.php\/wp-json\/wp\/v2\/media\/135895"}],"wp:attachment":[{"href":"https:\/\/diariodigitalmx.com\/index.php\/wp-json\/wp\/v2\/media?parent=136204"}],"wp:term":[{"taxonomy":"category","embeddable":true,"href":"https:\/\/diariodigitalmx.com\/index.php\/wp-json\/wp\/v2\/categories?post=136204"},{"taxonomy":"post_tag","embeddable":true,"href":"https:\/\/diariodigitalmx.com\/index.php\/wp-json\/wp\/v2\/tags?post=136204"}],"curies":[{"name":"wp","href":"https:\/\/api.w.org\/{rel}","templated":true}]}}