{"id":136227,"date":"2025-06-12T11:46:59","date_gmt":"2025-06-12T17:46:59","guid":{"rendered":"https:\/\/diariodigitalmx.com\/?p=136227"},"modified":"2025-06-12T11:51:43","modified_gmt":"2025-06-12T17:51:43","slug":"en-los-ojos-del-fenix-8","status":"publish","type":"post","link":"https:\/\/diariodigitalmx.com\/index.php\/2025\/06\/12\/en-los-ojos-del-fenix-8\/","title":{"rendered":"En los Ojos del F\u00e9nix\u00a0"},"content":{"rendered":"\n<p>\u00a0Por Tania Espinoza\u00a0<\/p>\n\n\n\n<p>Me encuentro frente a la pantalla con tanto que decir, con ideas y sue\u00f1os que compartirles pero hoy falta un peque\u00f1a chispa, eso que al fusionar el pensamiento y sentimiento, plasma con fluides mi mensaje, quiero decir que el esp\u00edritu de la inspiraci\u00f3n hoy se tomo el d\u00eda libre.&nbsp;<\/p>\n\n\n\n<p>Me han dicho que la inspiraci\u00f3n y la creatividad es un esp\u00edritu que cohabita con nosotros y se le llama volviendo a nuestra esencia principal, existe una ejercicio que al encender una vela, en un espacio tranquilo, haciendo respiracion profunda&nbsp; y en meditacion enfoc\u00e1ndonos en el aqu\u00ed y ahora podemos escuchar la voz de nuestra Alma y redescubrir quienes somos, hacer la limpieza cotidiana ayuda a abrazar nuestros dones y poderes, y es justo desde ese lugar que podemos comunicarnos con nuestra MUSA, la inspiraci\u00f3n que nos acompa\u00f1a toda la vida para que con su energ\u00eda podamos seguir creando y compartiendo desde luz que nos hace especiales.&nbsp;<\/p>\n\n\n\n<p>Yo realizar\u00e9 est\u00e1 pr\u00e1ctica en este momento, llamar\u00e9 a la musa, me conectar\u00e9 con mi ra\u00edz, sentir\u00e9 esa chispa del creador que me dio vida, porque al ocuparme de mi energ\u00eda, puedo ofrecerle al mundo mi mejor cara, aterrizar mis ideas y hacer lo que amo desde la armon\u00eda plena. Si a ti a veces tambi\u00e9n te cuesta ser creativa, acomp\u00e1\u00f1ame que nunca nadie camina sola, tu puedes contar conmigo.<\/p>\n","protected":false},"excerpt":{"rendered":"<p>\u00a0Por Tania Espinoza\u00a0 Me encuentro frente a la pantalla con tanto que decir, con ideas y sue\u00f1os que compartirles pero hoy falta un peque\u00f1a chispa, eso que al fusionar el pensamiento y sentimiento, plasma con fluides mi mensaje, quiero decir que el esp\u00edritu de la inspiraci\u00f3n hoy se tomo el d\u00eda libre.&nbsp; Me han dicho [&hellip;]<\/p>\n","protected":false},"author":1,"featured_media":136229,"comment_status":"open","ping_status":"open","sticky":false,"template":"","format":"standard","meta":{"footnotes":""},"categories":[12,5],"tags":[],"_links":{"self":[{"href":"https:\/\/diariodigitalmx.com\/index.php\/wp-json\/wp\/v2\/posts\/136227"}],"collection":[{"href":"https:\/\/diariodigitalmx.com\/index.php\/wp-json\/wp\/v2\/posts"}],"about":[{"href":"https:\/\/diariodigitalmx.com\/index.php\/wp-json\/wp\/v2\/types\/post"}],"author":[{"embeddable":true,"href":"https:\/\/diariodigitalmx.com\/index.php\/wp-json\/wp\/v2\/users\/1"}],"replies":[{"embeddable":true,"href":"https:\/\/diariodigitalmx.com\/index.php\/wp-json\/wp\/v2\/comments?post=136227"}],"version-history":[{"count":1,"href":"https:\/\/diariodigitalmx.com\/index.php\/wp-json\/wp\/v2\/posts\/136227\/revisions"}],"predecessor-version":[{"id":136228,"href":"https:\/\/diariodigitalmx.com\/index.php\/wp-json\/wp\/v2\/posts\/136227\/revisions\/136228"}],"wp:featuredmedia":[{"embeddable":true,"href":"https:\/\/diariodigitalmx.com\/index.php\/wp-json\/wp\/v2\/media\/136229"}],"wp:attachment":[{"href":"https:\/\/diariodigitalmx.com\/index.php\/wp-json\/wp\/v2\/media?parent=136227"}],"wp:term":[{"taxonomy":"category","embeddable":true,"href":"https:\/\/diariodigitalmx.com\/index.php\/wp-json\/wp\/v2\/categories?post=136227"},{"taxonomy":"post_tag","embeddable":true,"href":"https:\/\/diariodigitalmx.com\/index.php\/wp-json\/wp\/v2\/tags?post=136227"}],"curies":[{"name":"wp","href":"https:\/\/api.w.org\/{rel}","templated":true}]}}