{"id":136264,"date":"2025-06-13T06:13:06","date_gmt":"2025-06-13T12:13:06","guid":{"rendered":"https:\/\/diariodigitalmx.com\/?p=136264"},"modified":"2025-06-13T06:14:41","modified_gmt":"2025-06-13T12:14:41","slug":"que-escribir-que-no-sea-violencia","status":"publish","type":"post","link":"https:\/\/diariodigitalmx.com\/index.php\/2025\/06\/13\/que-escribir-que-no-sea-violencia\/","title":{"rendered":"\u00bfQu\u00e9 escribir que no sea violencia?"},"content":{"rendered":"\n<p>\u00d3scar Tamez Rodr\u00edguez<\/p>\n\n\n\n<p>Al escribir esta columna me enfrento a la contrariedad de publicar algo en donde la violencia no sea el epicentro del tema. La pol\u00edtica parece estar retornando a su origen: la guerra.Karl von Clausewitz en su obra \u201cDe la guerra\u201d establece entre otras, dos premisas: la guerra es el resultante del fracaso en la pol\u00edtica, reconociendo que la pol\u00edtica es la forma pac\u00edfica de enfrentar la guerra; segunda premisa, toda guerra conlleva un inter\u00e9s pol\u00edtico en el cual se presupone que la parte opositora no acepta la voluntad impuesta por su contraparte.El mundo se encuentra inmerso en guerra. Parece que los tiempos de la pol\u00edtica fueron rebasados o hay un retroceso a la imposici\u00f3n por medio de la violencia y las armas.En Europa, la invasi\u00f3n a Ucrania por parte de Rusia est\u00e1 tan normalizada que dej\u00f3 los estelares en los medios de comunicaci\u00f3n. La guerra de Gaza es vigente en medios por las reacciones colaterales entre sectores poblacionales de otras naciones, tanto que el antisemitismo recupera sitios principales. Hoy los israelitas son los malos para amplios grupos de la poblaci\u00f3n, pocos recuerdan la forma en que los radicales mataron y secuestraron gente en Israel.Los vecinos del norte viven lo que podr\u00eda definirse como una revoluci\u00f3n interna, de nuevo los racismos y la xenofobia son el epicentro del debate, tener piel aperlada, parecer latino, criticar a la autoridad, son causales para la violencia y represi\u00f3n.En M\u00e9xico suceden cosas similares, grupos radicales se confrontan entre s\u00ed y en algunos casos se llega a extremos de violencia como la provocada por un senador de la rep\u00fablica contra un ciudadano que lo increp\u00f3. Sin olvidar que los grupos delictivos gobiernan amplios espacios del pa\u00eds.\u00bfQu\u00e9 escribir que no sea violencia?, c\u00f3mo abordar los temas de pol\u00edtica sin mencionar que el gobierno de la rep\u00fablica ataca a sus opositores y les culpa de la declaraci\u00f3n que emitieron los vecinos del norte al acusarle de incitar a la violencia en aquel pa\u00eds.La pol\u00edtica es el camino para deponer las armas, para lograrlo se requiere que los poderosos y los d\u00e9biles por igual est\u00e9n dispuestos a dialogar, negociar, conceder y alcanzar acuerdos, esto es la pol\u00edtica, lo dem\u00e1s es violencia, es aniquilar la pol\u00edtica.En este momento equiparo la pol\u00edtica con la democracia. En los absolutismos no se hace pol\u00edtica, en los imperios manda el emperador, en las tiran\u00edas el tirano y en las dictaduras el dictador. En su entorno hay politiquer\u00eda, rumorolog\u00eda, grillos interesados en obtener los favores del tirano, pero eso no es pol\u00edtica.La pol\u00edtica s\u00f3lo se puede concretar cuando las partes negocian, respetan las diferencias entre s\u00ed y, a partir de ello, construyen coincidencias. Vivimos una etapa donde los poderosos se niegan a perder el tiempo en la pol\u00edtica y imponen su verdad por medio de la violencia econ\u00f3mica o armada.La democracia en el mundo ha entrado en una ruta de desacreditaci\u00f3n, a nadie parece interesarle conciliar al opositor, las se\u00f1ales indican que se acab\u00f3 el di\u00e1logo entre pol\u00edticos y se imponen los m\u00e1s fuertes, aunque en algunos casos, la fuerza sea moment\u00e1nea, temporal.Urge regresar a la pol\u00edtica, al arte de construir puentes en donde la guerra los destruye, establecer acuerdos en donde las armas laceran a los opositores, construir consensos en donde afloran las diferencias.Vivimos tiempos de nuevos Nerones, momentos en donde es necesario remarcar las diferencias para afianzar aliados al combatir rivales.El mundo necesita m\u00e1s pol\u00edtica y menos armas, m\u00e1s democracia y menos radicalismos.<\/p>\n\n\n\n<p><a href=\"http:\/\/www.historiadores.org\/\" target=\"_blank\" rel=\"noreferrer noopener\">www.historiadores.org<\/a><\/p>\n\n\n\n<p><a href=\"http:\/\/www.estudiospoliticos.mx\/\" target=\"_blank\" rel=\"noreferrer noopener\">www.estudiospoliticos.mx<\/a><\/p>\n\n\n\n<p><a href=\"http:\/\/www.twitter.com\/@EstudiosMx\" target=\"_blank\" rel=\"noreferrer noopener\">www.Twitter.com\/@EstudiosMx<\/a><\/p>\n\n\n\n<p><a href=\"http:\/\/www.facebook.com\/EstudiosPoliticos.mx\" target=\"_blank\" rel=\"noreferrer noopener\">www.Facebook.com\/EstudiosPoliticos.mx<\/a><\/p>\n","protected":false},"excerpt":{"rendered":"<p>\u00d3scar Tamez Rodr\u00edguez Al escribir esta columna me enfrento a la contrariedad de publicar algo en donde la violencia no sea el epicentro del tema. La pol\u00edtica parece estar retornando a su origen: la guerra.Karl von Clausewitz en su obra \u201cDe la guerra\u201d establece entre otras, dos premisas: la guerra es el resultante del fracaso [&hellip;]<\/p>\n","protected":false},"author":1,"featured_media":136266,"comment_status":"open","ping_status":"open","sticky":false,"template":"","format":"standard","meta":{"footnotes":""},"categories":[12],"tags":[],"_links":{"self":[{"href":"https:\/\/diariodigitalmx.com\/index.php\/wp-json\/wp\/v2\/posts\/136264"}],"collection":[{"href":"https:\/\/diariodigitalmx.com\/index.php\/wp-json\/wp\/v2\/posts"}],"about":[{"href":"https:\/\/diariodigitalmx.com\/index.php\/wp-json\/wp\/v2\/types\/post"}],"author":[{"embeddable":true,"href":"https:\/\/diariodigitalmx.com\/index.php\/wp-json\/wp\/v2\/users\/1"}],"replies":[{"embeddable":true,"href":"https:\/\/diariodigitalmx.com\/index.php\/wp-json\/wp\/v2\/comments?post=136264"}],"version-history":[{"count":1,"href":"https:\/\/diariodigitalmx.com\/index.php\/wp-json\/wp\/v2\/posts\/136264\/revisions"}],"predecessor-version":[{"id":136265,"href":"https:\/\/diariodigitalmx.com\/index.php\/wp-json\/wp\/v2\/posts\/136264\/revisions\/136265"}],"wp:featuredmedia":[{"embeddable":true,"href":"https:\/\/diariodigitalmx.com\/index.php\/wp-json\/wp\/v2\/media\/136266"}],"wp:attachment":[{"href":"https:\/\/diariodigitalmx.com\/index.php\/wp-json\/wp\/v2\/media?parent=136264"}],"wp:term":[{"taxonomy":"category","embeddable":true,"href":"https:\/\/diariodigitalmx.com\/index.php\/wp-json\/wp\/v2\/categories?post=136264"},{"taxonomy":"post_tag","embeddable":true,"href":"https:\/\/diariodigitalmx.com\/index.php\/wp-json\/wp\/v2\/tags?post=136264"}],"curies":[{"name":"wp","href":"https:\/\/api.w.org\/{rel}","templated":true}]}}