{"id":136301,"date":"2025-06-14T08:52:18","date_gmt":"2025-06-14T14:52:18","guid":{"rendered":"https:\/\/diariodigitalmx.com\/?p=136301"},"modified":"2025-06-14T09:01:48","modified_gmt":"2025-06-14T15:01:48","slug":"celebra-escobedo-a-los-reyes-del-hogar-con-el-papa-norteno-fest","status":"publish","type":"post","link":"https:\/\/diariodigitalmx.com\/index.php\/2025\/06\/14\/celebra-escobedo-a-los-reyes-del-hogar-con-el-papa-norteno-fest\/","title":{"rendered":"Celebra Escobedo a los reyes del hogar con el &#8220;Pap\u00e1 Norte\u00f1o Fest&#8221;"},"content":{"rendered":"\n<figure class=\"wp-block-image size-large\"><img loading=\"lazy\" decoding=\"async\" width=\"1024\" height=\"576\" src=\"https:\/\/diariodigitalmx.com\/wp-content\/uploads\/2025\/06\/5073703235826593198-1024x576.jpg\" alt=\"\" class=\"wp-image-136304\" srcset=\"https:\/\/diariodigitalmx.com\/wp-content\/uploads\/2025\/06\/5073703235826593198-1024x576.jpg 1024w, https:\/\/diariodigitalmx.com\/wp-content\/uploads\/2025\/06\/5073703235826593198-300x169.jpg 300w, https:\/\/diariodigitalmx.com\/wp-content\/uploads\/2025\/06\/5073703235826593198-768x432.jpg 768w, https:\/\/diariodigitalmx.com\/wp-content\/uploads\/2025\/06\/5073703235826593198.jpg 1280w\" sizes=\"(max-width: 1024px) 100vw, 1024px\" \/><\/figure>\n\n\n\n<p>En una noche explosiva, la Ciudad de la 4T Norte\u00f1a celebr\u00f3 a los reyes del hogar con un festejo lleno de emociones y recuerdos al ritmo de Bobby Pulido y Los Tigrillos, quienes encendieron los corazones del p\u00fablico con sus m\u00e1s grandes \u00e9xitos.<br>Contagiado de la alegr\u00eda y el orgullo que se respiraba en la abarrotada Plaza Principal, el Alcalde de Escobedo, Andr\u00e9s Mijes, expres\u00f3 que los padres de la Capital de la Transformaci\u00f3n, junto con sus compa\u00f1eras de vida, son el cimiento firme que sostiene el hogar, el motor silencioso pero poderoso que impulsa a las familias.<\/p>\n\n\n\n<figure class=\"wp-block-image size-large\"><img loading=\"lazy\" decoding=\"async\" width=\"1024\" height=\"682\" src=\"https:\/\/diariodigitalmx.com\/wp-content\/uploads\/2025\/06\/5071451436012908496-1024x682.jpg\" alt=\"\" class=\"wp-image-136307\" srcset=\"https:\/\/diariodigitalmx.com\/wp-content\/uploads\/2025\/06\/5071451436012908496-1024x682.jpg 1024w, https:\/\/diariodigitalmx.com\/wp-content\/uploads\/2025\/06\/5071451436012908496-300x200.jpg 300w, https:\/\/diariodigitalmx.com\/wp-content\/uploads\/2025\/06\/5071451436012908496-768x512.jpg 768w, https:\/\/diariodigitalmx.com\/wp-content\/uploads\/2025\/06\/5071451436012908496.jpg 1280w\" sizes=\"(max-width: 1024px) 100vw, 1024px\" \/><\/figure>\n\n\n\n<p>En ese ambiente emotivo y festivo, Mijes subray\u00f3 el papel fundamental que desempe\u00f1an los pap\u00e1s en la transformaci\u00f3n del municipio y del Estado, se\u00f1alando que su esfuerzo diario trasciende las puertas del hogar.<br>\u201cPorque ustedes, padres del norte, no s\u00f3lo construyen hogares est\u00e1n ayudando a construir el Nuevo Le\u00f3n que s\u00ed nos merecemos. Uno con seguridad, con justicia y con igualdad de oportunidades para sus hijos, donde hay empleo y crecimiento, donde se comparte, se crea prosperidad y el bienestar es duradero\u201d, se\u00f1al\u00f3 a los asistentes.<\/p>\n\n\n\n<figure class=\"wp-block-gallery has-nested-images columns-default is-cropped wp-block-gallery-1 is-layout-flex wp-block-gallery-is-layout-flex\">\n<figure class=\"wp-block-image size-large\"><img loading=\"lazy\" decoding=\"async\" width=\"1024\" height=\"683\" data-id=\"136310\" src=\"https:\/\/diariodigitalmx.com\/wp-content\/uploads\/2025\/06\/Q9A2823-1024x683.jpg\" alt=\"\" class=\"wp-image-136310\" srcset=\"https:\/\/diariodigitalmx.com\/wp-content\/uploads\/2025\/06\/Q9A2823-1024x683.jpg 1024w, https:\/\/diariodigitalmx.com\/wp-content\/uploads\/2025\/06\/Q9A2823-300x200.jpg 300w, https:\/\/diariodigitalmx.com\/wp-content\/uploads\/2025\/06\/Q9A2823-768x512.jpg 768w, https:\/\/diariodigitalmx.com\/wp-content\/uploads\/2025\/06\/Q9A2823-1536x1024.jpg 1536w, https:\/\/diariodigitalmx.com\/wp-content\/uploads\/2025\/06\/Q9A2823-2048x1365.jpg 2048w\" sizes=\"(max-width: 1024px) 100vw, 1024px\" \/><\/figure>\n\n\n\n<figure class=\"wp-block-image size-large\"><img loading=\"lazy\" decoding=\"async\" width=\"1024\" height=\"681\" data-id=\"136309\" src=\"https:\/\/diariodigitalmx.com\/wp-content\/uploads\/2025\/06\/5073502154047729327-1024x681.jpg\" alt=\"\" class=\"wp-image-136309\" srcset=\"https:\/\/diariodigitalmx.com\/wp-content\/uploads\/2025\/06\/5073502154047729327-1024x681.jpg 1024w, https:\/\/diariodigitalmx.com\/wp-content\/uploads\/2025\/06\/5073502154047729327-300x199.jpg 300w, https:\/\/diariodigitalmx.com\/wp-content\/uploads\/2025\/06\/5073502154047729327-768x511.jpg 768w, https:\/\/diariodigitalmx.com\/wp-content\/uploads\/2025\/06\/5073502154047729327.jpg 1280w\" sizes=\"(max-width: 1024px) 100vw, 1024px\" \/><\/figure>\n<\/figure>\n\n\n\n<p>La noche fue engalanada con las ic\u00f3nicas interpretaciones de Bobby Pulido, quien hizo vibrar a las familias con temas como \u201cDesvelado\u201d, \u201cLe pedir\u00e9\u201d y \u201cOjal\u00e1 te animes\u201d y \u201cSe muri\u00f3 de amor\u201d. A su vez, Los Tigrillos desataron la euforia con \u00e9xitos como \u201cMira oye\u201d, \u201cLa vampiresa\u201d y \u201cNi\u00f1a Hermosa\u201d, reviviendo los mejores momentos del regional norte\u00f1o.<br>Simult\u00e1neamente, en la zona de la Alianza, se vivi\u00f3 la misma intensidad festiva con otro gran evento del \u201cPap\u00e1 Norte\u00f1o Fest\u201d, donde los asistentes disfrutaron de la m\u00fasica en vivo del cantante Miguel Morales, quien puso a todos a cantar y bailar con canciones como \u201cSirena Encantada\u201d, \u201cAy\u00fadame a olvidarla\u201d y \u201cLa verdad de tu amor\u201d.<\/p>\n\n\n\n<figure class=\"wp-block-image size-large\"><img loading=\"lazy\" decoding=\"async\" width=\"1024\" height=\"681\" src=\"https:\/\/diariodigitalmx.com\/wp-content\/uploads\/2025\/06\/5073502154047729328-1024x681.jpg\" alt=\"\" class=\"wp-image-136305\" srcset=\"https:\/\/diariodigitalmx.com\/wp-content\/uploads\/2025\/06\/5073502154047729328-1024x681.jpg 1024w, https:\/\/diariodigitalmx.com\/wp-content\/uploads\/2025\/06\/5073502154047729328-300x199.jpg 300w, https:\/\/diariodigitalmx.com\/wp-content\/uploads\/2025\/06\/5073502154047729328-768x511.jpg 768w, https:\/\/diariodigitalmx.com\/wp-content\/uploads\/2025\/06\/5073502154047729328.jpg 1280w\" sizes=\"(max-width: 1024px) 100vw, 1024px\" \/><\/figure>\n\n\n\n<p>Ambos eventos fueron pensados para honrar y agradecer a los padres escobedenses, quienes adem\u00e1s de disfrutar la m\u00fasica, gozaron de sorpresas, deliciosa comida, rifas y momentos inolvidables en compa\u00f1\u00eda de sus familias.<br>Fue una noche de alegr\u00eda compartida, donde la Ciudad de la 4T Norte\u00f1a reiter\u00f3 su compromiso de poner siempre en el centro a la familia y construir comunidad con valores, justicia y prosperidad para todas y todos.<br>As\u00ed, Escobedo celebr\u00f3 con fuerza, identidad y orgullo norte\u00f1o a quienes, d\u00eda con d\u00eda, dan todo por sus hijos: los padres trabajadores y comprometidos de la 4T Norte\u00f1a.<\/p>\n","protected":false},"excerpt":{"rendered":"<p>En una noche explosiva, la Ciudad de la 4T Norte\u00f1a celebr\u00f3 a los reyes del hogar con un festejo lleno de emociones y recuerdos al ritmo de Bobby Pulido y Los Tigrillos, quienes encendieron los corazones del p\u00fablico con sus m\u00e1s grandes \u00e9xitos.Contagiado de la alegr\u00eda y el orgullo que se respiraba en la abarrotada [&hellip;]<\/p>\n","protected":false},"author":1,"featured_media":136312,"comment_status":"open","ping_status":"open","sticky":false,"template":"","format":"standard","meta":{"footnotes":""},"categories":[6],"tags":[],"_links":{"self":[{"href":"https:\/\/diariodigitalmx.com\/index.php\/wp-json\/wp\/v2\/posts\/136301"}],"collection":[{"href":"https:\/\/diariodigitalmx.com\/index.php\/wp-json\/wp\/v2\/posts"}],"about":[{"href":"https:\/\/diariodigitalmx.com\/index.php\/wp-json\/wp\/v2\/types\/post"}],"author":[{"embeddable":true,"href":"https:\/\/diariodigitalmx.com\/index.php\/wp-json\/wp\/v2\/users\/1"}],"replies":[{"embeddable":true,"href":"https:\/\/diariodigitalmx.com\/index.php\/wp-json\/wp\/v2\/comments?post=136301"}],"version-history":[{"count":2,"href":"https:\/\/diariodigitalmx.com\/index.php\/wp-json\/wp\/v2\/posts\/136301\/revisions"}],"predecessor-version":[{"id":136311,"href":"https:\/\/diariodigitalmx.com\/index.php\/wp-json\/wp\/v2\/posts\/136301\/revisions\/136311"}],"wp:featuredmedia":[{"embeddable":true,"href":"https:\/\/diariodigitalmx.com\/index.php\/wp-json\/wp\/v2\/media\/136312"}],"wp:attachment":[{"href":"https:\/\/diariodigitalmx.com\/index.php\/wp-json\/wp\/v2\/media?parent=136301"}],"wp:term":[{"taxonomy":"category","embeddable":true,"href":"https:\/\/diariodigitalmx.com\/index.php\/wp-json\/wp\/v2\/categories?post=136301"},{"taxonomy":"post_tag","embeddable":true,"href":"https:\/\/diariodigitalmx.com\/index.php\/wp-json\/wp\/v2\/tags?post=136301"}],"curies":[{"name":"wp","href":"https:\/\/api.w.org\/{rel}","templated":true}]}}