{"id":136368,"date":"2025-06-16T05:58:01","date_gmt":"2025-06-16T11:58:01","guid":{"rendered":"https:\/\/diariodigitalmx.com\/?p=136368"},"modified":"2025-06-16T06:00:18","modified_gmt":"2025-06-16T12:00:18","slug":"libros-de-la-semana-14","status":"publish","type":"post","link":"https:\/\/diariodigitalmx.com\/index.php\/2025\/06\/16\/libros-de-la-semana-14\/","title":{"rendered":"Libros de la semana"},"content":{"rendered":"\n<p>Gerson G\u00f3mez Salas<\/p>\n\n\n\n<p>ANATOM\u00cdA DE LA CANCI\u00d3N de Marc Myers<\/p>\n\n\n\n<p>Detr\u00e1s de las grandes canciones hay historias fascinantes. A partir de la columna que publica en el Wall Street Journal, el cr\u00edtico e historiador Marc Myers ilumina cinco d\u00e9cadas de m\u00fasica popular explicando c\u00f3mo nacieron y c\u00f3mo impactaron en los o\u00eddos 45 temas que han dejado una huella indeleble en la memoria de nuestro tiempo. Los protagonistas de esos impactos tejen el relato cont\u00e1ndole al lector los secretos y las peripecias de sus aventuras creativas. Entre las canciones cuyos or\u00edgenes se narran en este libro hallaremos \u00abWhola Lotta Love\u00bb, de Led Zeppelin, \u00abMercedes Benz\u00bb, de Janis Joplin, \u00abMaggie May\u00bb, de Rod Stewart, y \u00abTime After Time\u00bb, de Cyndi Lauper. Mil curiosidades con cabezas de cartel como Mick Jagger, Jimmy Page, SmokeyRobinson, Grace Slick, Debbie Harry o R. E. M.<\/p>\n\n\n\n<figure class=\"wp-block-image size-large\"><img loading=\"lazy\" decoding=\"async\" width=\"914\" height=\"1024\" src=\"https:\/\/diariodigitalmx.com\/wp-content\/uploads\/2025\/06\/173f9057-5da1-2da3-d12e-cfbdf9a006b3-914x1024.jpg\" alt=\"\" class=\"wp-image-136372\" srcset=\"https:\/\/diariodigitalmx.com\/wp-content\/uploads\/2025\/06\/173f9057-5da1-2da3-d12e-cfbdf9a006b3-914x1024.jpg 914w, https:\/\/diariodigitalmx.com\/wp-content\/uploads\/2025\/06\/173f9057-5da1-2da3-d12e-cfbdf9a006b3-268x300.jpg 268w, https:\/\/diariodigitalmx.com\/wp-content\/uploads\/2025\/06\/173f9057-5da1-2da3-d12e-cfbdf9a006b3-768x861.jpg 768w, https:\/\/diariodigitalmx.com\/wp-content\/uploads\/2025\/06\/173f9057-5da1-2da3-d12e-cfbdf9a006b3-1370x1536.jpg 1370w, https:\/\/diariodigitalmx.com\/wp-content\/uploads\/2025\/06\/173f9057-5da1-2da3-d12e-cfbdf9a006b3.jpg 1522w\" sizes=\"(max-width: 914px) 100vw, 914px\" \/><\/figure>\n\n\n\n<p>&nbsp;Voces negras de Tania Safura Adam<\/p>\n\n\n\n<p>&nbsp;Voces negras es un viaje sonoro por la compleja historia de \u00c1frica, una salvaje sinfon\u00eda de su profundidad musical, de la explotaci\u00f3n y del expolio cultural sufrido durante siglos.<\/p>\n\n\n\n<p>La autora explora c\u00f3mo la esclavitud, el colonialismo, el auge de la modernidad, las luchas por las independencias o el panafricanismo han moldeado y reconfigurado el imaginario sonoro del continente.<\/p>\n\n\n\n<p>Un viaje a trav\u00e9s de los ritmos y voces, de rebeldes y visionarios, que han dejado una huella indeleble en la trama de sus m\u00fasicas populares. Esto no es un libro, sino un arma: la insurgencia sonora que sacude las cadenas de la historia, haciendo tambalear los cimientos del presente.<\/p>\n\n\n\n<figure class=\"wp-block-image size-large\"><img loading=\"lazy\" decoding=\"async\" width=\"979\" height=\"1024\" src=\"https:\/\/diariodigitalmx.com\/wp-content\/uploads\/2025\/06\/db81f45c-6f58-0819-6a28-91ba5d357a48-979x1024.jpg\" alt=\"\" class=\"wp-image-136373\" srcset=\"https:\/\/diariodigitalmx.com\/wp-content\/uploads\/2025\/06\/db81f45c-6f58-0819-6a28-91ba5d357a48-979x1024.jpg 979w, https:\/\/diariodigitalmx.com\/wp-content\/uploads\/2025\/06\/db81f45c-6f58-0819-6a28-91ba5d357a48-287x300.jpg 287w, https:\/\/diariodigitalmx.com\/wp-content\/uploads\/2025\/06\/db81f45c-6f58-0819-6a28-91ba5d357a48-768x803.jpg 768w, https:\/\/diariodigitalmx.com\/wp-content\/uploads\/2025\/06\/db81f45c-6f58-0819-6a28-91ba5d357a48-1469x1536.jpg 1469w, https:\/\/diariodigitalmx.com\/wp-content\/uploads\/2025\/06\/db81f45c-6f58-0819-6a28-91ba5d357a48-1959x2048.jpg 1959w, https:\/\/diariodigitalmx.com\/wp-content\/uploads\/2025\/06\/db81f45c-6f58-0819-6a28-91ba5d357a48.jpg 1979w\" sizes=\"(max-width: 979px) 100vw, 979px\" \/><figcaption class=\"wp-element-caption\">CREATOR: gd-jpeg v1.0 (using IJG JPEG v80), quality = 80?<\/figcaption><\/figure>\n\n\n\n<p>El cedro y la flor de Hissam Abdala Majamad<\/p>\n\n\n\n<p>L\u00edbano, 1910. La guerra es una amenaza cruel que se cierne sobre todos y los ni\u00f1os son sus v\u00edctimas predilectas. El ej\u00e9rcito turco est\u00e1 secuestrando adolescentes para obligarlos a sumarse a sus filas; por lo que Hassan debe huir junto con su padre Abdallah desde Chebaa con la esperanza de llegar a un puerto seguro donde puedan escapar hacia Am\u00e9rica. Apenas cuenta con diecisiete a\u00f1os y Hassan ya sabe lo que es perder su hogar.<\/p>\n\n\n\n<figure class=\"wp-block-image size-full\"><img loading=\"lazy\" decoding=\"async\" width=\"590\" height=\"571\" src=\"https:\/\/diariodigitalmx.com\/wp-content\/uploads\/2025\/06\/5dee9594-c0e4-e4cc-f4d2-e05748de0d0b.jpg\" alt=\"\" class=\"wp-image-136374\" srcset=\"https:\/\/diariodigitalmx.com\/wp-content\/uploads\/2025\/06\/5dee9594-c0e4-e4cc-f4d2-e05748de0d0b.jpg 590w, https:\/\/diariodigitalmx.com\/wp-content\/uploads\/2025\/06\/5dee9594-c0e4-e4cc-f4d2-e05748de0d0b-300x290.jpg 300w\" sizes=\"(max-width: 590px) 100vw, 590px\" \/><\/figure>\n\n\n\n<p>Yo soy Brian Wilson&#8230; y t\u00fa no Pasta dura<\/p>\n\n\n\n<p>Cofundador de los Beach Boys, Wilson compuso buena parte de la atemporal banda sonora del pop m\u00e1s lis\u00e9rgico \u2013y no solo apto para surferos\u2013 de los a\u00f1os sesenta. Con especial cuidado en la armonizaci\u00f3n de sus canciones y exquisito paladar para la instrumentaci\u00f3n, sus letras nos transportan desde el indolente vitalismo playero y asilvestrado jipismo a las oscuras simas de este genio torturado. Sus temas, hoy m\u00edticos, dan fe del alcance de la revoluci\u00f3n que llegar\u00eda de la mano de este sofisticado talento natural. Con el coraje y la iluminaci\u00f3n de quien tiene el ego convenientemente hecho trizas, Wilson nos invita a sumergirnos en el vertedero de sus recuerdos. Por fin, las memorias de uno de los m\u00e1s grandes protagonistas de aquella d\u00e9cada prodigiosa.<\/p>\n","protected":false},"excerpt":{"rendered":"<p>Gerson G\u00f3mez Salas ANATOM\u00cdA DE LA CANCI\u00d3N de Marc Myers Detr\u00e1s de las grandes canciones hay historias fascinantes. A partir de la columna que publica en el Wall Street Journal, el cr\u00edtico e historiador Marc Myers ilumina cinco d\u00e9cadas de m\u00fasica popular explicando c\u00f3mo nacieron y c\u00f3mo impactaron en los o\u00eddos 45 temas que han [&hellip;]<\/p>\n","protected":false},"author":1,"featured_media":136370,"comment_status":"open","ping_status":"open","sticky":false,"template":"","format":"standard","meta":{"footnotes":""},"categories":[11],"tags":[],"_links":{"self":[{"href":"https:\/\/diariodigitalmx.com\/index.php\/wp-json\/wp\/v2\/posts\/136368"}],"collection":[{"href":"https:\/\/diariodigitalmx.com\/index.php\/wp-json\/wp\/v2\/posts"}],"about":[{"href":"https:\/\/diariodigitalmx.com\/index.php\/wp-json\/wp\/v2\/types\/post"}],"author":[{"embeddable":true,"href":"https:\/\/diariodigitalmx.com\/index.php\/wp-json\/wp\/v2\/users\/1"}],"replies":[{"embeddable":true,"href":"https:\/\/diariodigitalmx.com\/index.php\/wp-json\/wp\/v2\/comments?post=136368"}],"version-history":[{"count":2,"href":"https:\/\/diariodigitalmx.com\/index.php\/wp-json\/wp\/v2\/posts\/136368\/revisions"}],"predecessor-version":[{"id":136375,"href":"https:\/\/diariodigitalmx.com\/index.php\/wp-json\/wp\/v2\/posts\/136368\/revisions\/136375"}],"wp:featuredmedia":[{"embeddable":true,"href":"https:\/\/diariodigitalmx.com\/index.php\/wp-json\/wp\/v2\/media\/136370"}],"wp:attachment":[{"href":"https:\/\/diariodigitalmx.com\/index.php\/wp-json\/wp\/v2\/media?parent=136368"}],"wp:term":[{"taxonomy":"category","embeddable":true,"href":"https:\/\/diariodigitalmx.com\/index.php\/wp-json\/wp\/v2\/categories?post=136368"},{"taxonomy":"post_tag","embeddable":true,"href":"https:\/\/diariodigitalmx.com\/index.php\/wp-json\/wp\/v2\/tags?post=136368"}],"curies":[{"name":"wp","href":"https:\/\/api.w.org\/{rel}","templated":true}]}}