{"id":136384,"date":"2025-06-16T09:44:53","date_gmt":"2025-06-16T15:44:53","guid":{"rendered":"https:\/\/diariodigitalmx.com\/?p=136384"},"modified":"2025-06-16T09:45:51","modified_gmt":"2025-06-16T15:45:51","slug":"los-riesgos-del-poder","status":"publish","type":"post","link":"https:\/\/diariodigitalmx.com\/index.php\/2025\/06\/16\/los-riesgos-del-poder\/","title":{"rendered":"Los riesgos del poder"},"content":{"rendered":"\n<p>Por Manuel CARMONA<\/p>\n\n\n\n<p>Las palabras no son simples sonidos, pueden crear, destruir, moldear mentes y generar emociones, de ah\u00ed que&nbsp; la elecci\u00f3n de las palabras y particularmente la forma en que se expresan&nbsp; conlleva a una inmensa responsabilidad por el impacto que tiene en los oyentes y su afectaci\u00f3n en las relaciones inter personales, la reputaci\u00f3n, e incluso en la propia construcci\u00f3n de la realidad.<\/p>\n\n\n\n<p>Las palabras pueden ser herramientas poderosas para construir puentes, expresar afecto, motivar&nbsp; o por el contrario generar malentendidos, herir sentimientos y ROMPER RELACIONES. Las palabras pueden causar dolor miedo o alegr\u00eda y su impacto emocional puede perdurar en el tiempo.<\/p>\n\n\n\n<p>Las palabras en funci\u00f3n de quien las diga, podr\u00edan ser utilizadas para persuadir, manipular o hasta generar alg\u00fan movimiento social. No obstante las palabras que escriba o que pronuncie un l\u00edder de opini\u00f3n o&nbsp; una figura de poder, tienen la posibilidad de perdurar en la historia y trascender a futuras generaciones.<\/p>\n\n\n\n<p>De ah\u00ed que las FIGURAS PUBLICAS, ya sean de la industria del espect\u00e1culo, de la pol\u00edtica, del mundo deportivo, de los negocios o que ostenten una responsabilidad de gobierno independientemente&nbsp; de cu\u00e1l pudiera ser su nivel jer\u00e1rquico dentro de la pir\u00e1mide del poder, viven todos los d\u00edas un riesgo constante por sus anuncios o posicionamientos que en alg\u00fan momento deben fijar y estad\u00edsticamente, a mayor n\u00famero&nbsp; de intervenciones aumenta la posibilidad del error en la suministraci\u00f3n del mensaje.<\/p>\n\n\n\n<p>Sin embargo, mientras que el inadecuado manejo de un mensaje o el tono de su pronunciaci\u00f3n entre un particular y otro,&nbsp; se puede traducir en la afectaci\u00f3n en las relaciones estrictamente personales, en el caso espec\u00edfico de una figura de poder, un posicionamiento mal transmitido&nbsp; puede producir una AFECTACION COLECTIVA directamente proporcional al \u00e1mbito de influencia que tenga&nbsp; el emisor.<\/p>\n\n\n\n<p>Los alcances de la repercusi\u00f3n depender\u00e1n de la posici\u00f3n que ostente en el tablero del ajedrez pol\u00edtico. Una declaraci\u00f3n desafortunada de un regidor en cualquier Ayuntamiento del pa\u00eds puede generar alg\u00fan sobresalto menor, incluso convertirse en la nota del d\u00eda, pero si ese desliz es cometido por quien encabeza el Cabildo, es decir el Presidente Municipal, podr\u00eda ser noticia de dos o tres d\u00edas de la semana.<\/p>\n\n\n\n<p>En el caso de un Gobernador o miembros de su gabinete, su \u00e1mbito de influencia pol\u00edtica es mayor al igual que su competencia territorial, raz\u00f3n por la cual, un gazapo en la intenci\u00f3n comunicativa puede tener un costo pol\u00edtico m\u00e1s elevado e incluso rebasar las fronteras de su jurisdicci\u00f3n y tener alcances nacionales. Lo anterior aplica de modo similar a diputados locales, federales y Senadores.<\/p>\n\n\n\n<p>Pero si hablamos de un Presidente de la Rep\u00fablica o del Presidente del Senado de cualquier pa\u00eds, sus palabras adquieren una dimensi\u00f3n todav\u00eda mayor, de tal manera que cada elemento de su comunicaci\u00f3n cotidiana debiera embonar perfectamente como una sola pieza en la arquitectura de su mensaje, por lo que en el siglo de las comunicaci\u00f3n digital, donde la informaci\u00f3n puede dar la vuelta al mundo en segundos, resulta excesivamente riesgoso pretender transitar por los caminos de la espontaneidad comunicativa.<\/p>\n\n\n\n<p>No considerar este aspecto trae serias consecuencias, las palabras tienen un peso y un costo. Ya lo hemos visto un sinf\u00edn de veces en la historia reciente en el mundo, pero tambi\u00e9n en los \u00faltimos d\u00edas en nuestro pa\u00eds, en los hechos que mantienen a la Presidenta de la Rep\u00fablica Claudia Sheimbaun en el centro de una pol\u00e9mica, pues se le ha responsabilizado quiz\u00e1 hasta injustamente, de los disturbios y actos de vandalismo ocurridos la semana pasada en la ciudad de los \u00c1ngeles.<\/p>\n\n\n\n<p>Es totalmente improbable que ella haya instigado o est\u00e9 moviendo los hilos para promover o financiar una serie de protestas violentas contra la administraci\u00f3n del Presidente Trump, pero sus llamados a la movilizaci\u00f3n en cuatro ocasiones distintas y el tono beligerante en el cual se pronunciaron estos mensajes, prendieron las alertas en la Casa Blanca y fue el pretexto perfecto para culparla de la inestabilidad que se ha venido viviendo en muchos estados de la uni\u00f3n americana y particularmente para legitimar la narrativa estadounidense de que los migrantes son una amenaza para su pa\u00eds.<\/p>\n\n\n\n<p>El caso del scketch del Presidente del Senado Gerardo Fern\u00e1ndez Noro\u00f1a donde con extrema ligereza se burl\u00f3 de su hom\u00f3logo estadounidense&nbsp; Eric Schmitt, propici\u00f3 la amenaza de un posible fuerte incremento en los impuestos al env\u00edo de remesas de Estados Unidos hacia M\u00e9xico, lo que causar\u00eda severos estragos a la econom\u00eda del pa\u00eds.<\/p>\n\n\n\n<p>La reacci\u00f3n natural de la figura p\u00fablica para justificarse y evadir su responsabilidad en los efectos que desencadenan&nbsp; sus palabras, siempre ser\u00e1 que \u201clos medios tergiversaron lo que dije\u201d&nbsp; \u201cla prensa sac\u00f3 todo de contexto\u201d \u201cyo&nbsp; llam\u00e9 a la movilizaci\u00f3n, no a protestas violentas\u201d \u201ces un campa\u00f1\u00f3n en mi contra\u201d \u201ces la reacci\u00f3n de la derecha\u201d \u201ces la revoluci\u00f3n de los bots\u201d&nbsp; \u201ces mi voz, pero no es mi voz\u201d y un largo etc.<\/p>\n\n\n\n<p>La realidad siempre es, que el propio autor (a)&nbsp; del mensaje no calibr\u00f3 adecuadamente el alcance de lo que dijo, actu\u00f3 impulsivamente, bajo el influjo de sus emociones y muchas veces contra la recomendaci\u00f3n de su propio equipo.<\/p>\n\n\n\n<p>En este punto descansa espec\u00edficamente la importancia fundamental que tienen las oficinas de comunicaci\u00f3n social en todo gobierno, ya que su funci\u00f3n es servir de filtro entre la administraci\u00f3n p\u00fablica y la sociedad, a fin de construir de manera pausada, cuidadosa y sopesada,&nbsp; palabra por palabra los mensajes que deber\u00e1n anunciarse a la opini\u00f3n p\u00fablica y de ese modo evitar el desgaste pol\u00edtico innecesario de quien en ese momento se constituya como s\u00edmbolo del poder.<\/p>\n\n\n\n<p>De cada en cuando los pol\u00edticos deber\u00edan repasar un poco al gran novelista ingl\u00e9s William Shakespeare quien hace m\u00e1s de cuatro siglos sentenci\u00f3, que el hombre es&nbsp; el&nbsp; amo de su silencio, pero un simple esclavo de sus palabras\u2026<\/p>\n\n\n\n<p>\u00b7&nbsp; &nbsp; &nbsp; * El autor es abogado, escritor y analista pol\u00edtico<\/p>\n","protected":false},"excerpt":{"rendered":"<p>Por Manuel CARMONA Las palabras no son simples sonidos, pueden crear, destruir, moldear mentes y generar emociones, de ah\u00ed que&nbsp; la elecci\u00f3n de las palabras y particularmente la forma en que se expresan&nbsp; conlleva a una inmensa responsabilidad por el impacto que tiene en los oyentes y su afectaci\u00f3n en las relaciones inter personales, la [&hellip;]<\/p>\n","protected":false},"author":1,"featured_media":135819,"comment_status":"open","ping_status":"open","sticky":false,"template":"","format":"standard","meta":{"footnotes":""},"categories":[12],"tags":[],"_links":{"self":[{"href":"https:\/\/diariodigitalmx.com\/index.php\/wp-json\/wp\/v2\/posts\/136384"}],"collection":[{"href":"https:\/\/diariodigitalmx.com\/index.php\/wp-json\/wp\/v2\/posts"}],"about":[{"href":"https:\/\/diariodigitalmx.com\/index.php\/wp-json\/wp\/v2\/types\/post"}],"author":[{"embeddable":true,"href":"https:\/\/diariodigitalmx.com\/index.php\/wp-json\/wp\/v2\/users\/1"}],"replies":[{"embeddable":true,"href":"https:\/\/diariodigitalmx.com\/index.php\/wp-json\/wp\/v2\/comments?post=136384"}],"version-history":[{"count":1,"href":"https:\/\/diariodigitalmx.com\/index.php\/wp-json\/wp\/v2\/posts\/136384\/revisions"}],"predecessor-version":[{"id":136385,"href":"https:\/\/diariodigitalmx.com\/index.php\/wp-json\/wp\/v2\/posts\/136384\/revisions\/136385"}],"wp:featuredmedia":[{"embeddable":true,"href":"https:\/\/diariodigitalmx.com\/index.php\/wp-json\/wp\/v2\/media\/135819"}],"wp:attachment":[{"href":"https:\/\/diariodigitalmx.com\/index.php\/wp-json\/wp\/v2\/media?parent=136384"}],"wp:term":[{"taxonomy":"category","embeddable":true,"href":"https:\/\/diariodigitalmx.com\/index.php\/wp-json\/wp\/v2\/categories?post=136384"},{"taxonomy":"post_tag","embeddable":true,"href":"https:\/\/diariodigitalmx.com\/index.php\/wp-json\/wp\/v2\/tags?post=136384"}],"curies":[{"name":"wp","href":"https:\/\/api.w.org\/{rel}","templated":true}]}}