{"id":136398,"date":"2025-06-17T05:51:56","date_gmt":"2025-06-17T11:51:56","guid":{"rendered":"https:\/\/diariodigitalmx.com\/?p=136398"},"modified":"2025-06-17T05:57:30","modified_gmt":"2025-06-17T11:57:30","slug":"activa-fiscalia-busqueda-de-integrantes-de-grupo-musical-y-chofer-desaparecidos-en-nl","status":"publish","type":"post","link":"https:\/\/diariodigitalmx.com\/index.php\/2025\/06\/17\/activa-fiscalia-busqueda-de-integrantes-de-grupo-musical-y-chofer-desaparecidos-en-nl\/","title":{"rendered":"Activa Fiscal\u00eda b\u00fasqueda de integrantes de grupo musical y chofer desaparecidos en NL"},"content":{"rendered":"\n<p>Monterrey. \u2013 La Fiscal\u00eda de Justicia de Nuevo Le\u00f3n activ\u00f3 la alerta de b\u00fasqueda de los integrantes del&nbsp;<strong>grupo musical Los Juniors de Monterrey<\/strong>&nbsp;y su chofer, quienes desaparecieron cuando acud\u00edan al municipio de General Ter\u00e1n.<\/p>\n\n\n\n<p>&#8220;Con relaci\u00f3n al reporte que informa la desaparici\u00f3n de integrantes de un grupo musical, ocurrida en fecha 16 de junio de 2025 cuando circulaban a bordo de un veh\u00edculo con direcci\u00f3n a General Ter\u00e1n&#8221;, explic\u00f3 el parte informativo de la Fiscal\u00eda.<\/p>\n\n\n\n<p>&#8220;En fecha 16 de junio de 2025, familiares de cuatro m\u00fasicos y un chofer interpusieron denuncia en la Fiscal\u00eda Especializada en Personas Desaparecidas.<br>&#8220;Detectives de la Agencia Estatal de Investigaciones adscritos al Grupo Especial de B\u00fasqueda Inmediata GEBI activaron protocolo de b\u00fasqueda preliminar&#8221;, agrega.<\/p>\n\n\n\n<figure class=\"wp-block-gallery has-nested-images columns-default is-cropped wp-block-gallery-1 is-layout-flex wp-block-gallery-is-layout-flex\">\n<figure class=\"wp-block-image size-large\"><img loading=\"lazy\" decoding=\"async\" width=\"768\" height=\"576\" data-id=\"136406\" src=\"https:\/\/diariodigitalmx.com\/wp-content\/uploads\/2025\/06\/WhatsApp-Image-2025-06-17-at-1.00.02-AM-1-768x576-1.jpeg\" alt=\"\" class=\"wp-image-136406\" srcset=\"https:\/\/diariodigitalmx.com\/wp-content\/uploads\/2025\/06\/WhatsApp-Image-2025-06-17-at-1.00.02-AM-1-768x576-1.jpeg 768w, https:\/\/diariodigitalmx.com\/wp-content\/uploads\/2025\/06\/WhatsApp-Image-2025-06-17-at-1.00.02-AM-1-768x576-1-300x225.jpeg 300w\" sizes=\"(max-width: 768px) 100vw, 768px\" \/><\/figure>\n\n\n\n<figure class=\"wp-block-image size-large\"><img loading=\"lazy\" decoding=\"async\" width=\"768\" height=\"576\" data-id=\"136407\" src=\"https:\/\/diariodigitalmx.com\/wp-content\/uploads\/2025\/06\/WhatsApp-Image-2025-06-17-at-1.00.02-AM-768x576-1.jpeg\" alt=\"\" class=\"wp-image-136407\" srcset=\"https:\/\/diariodigitalmx.com\/wp-content\/uploads\/2025\/06\/WhatsApp-Image-2025-06-17-at-1.00.02-AM-768x576-1.jpeg 768w, https:\/\/diariodigitalmx.com\/wp-content\/uploads\/2025\/06\/WhatsApp-Image-2025-06-17-at-1.00.02-AM-768x576-1-300x225.jpeg 300w\" sizes=\"(max-width: 768px) 100vw, 768px\" \/><\/figure>\n<\/figure>\n\n\n\n<p>Los integrantes del grupo musical son Francisco Gabriel Alfaro Oyervides, de 18 a\u00f1os; Luis Nefaki Dom\u00ednguez Lucina y Abraham Ontiveros Leal, ambos de 23; \u00d3scar Ulises P\u00e9rez Garza, de 24, y Leonardo Rubio Leos, de 33, mientras que el chofer fue identificado como Lorenzo Antonio Mart\u00ednez Manzanares, de 40 a\u00f1os.<\/p>\n\n\n\n<figure class=\"wp-block-gallery has-nested-images columns-default is-cropped wp-block-gallery-2 is-layout-flex wp-block-gallery-is-layout-flex\">\n<figure class=\"wp-block-image size-large\"><img loading=\"lazy\" decoding=\"async\" width=\"768\" height=\"576\" data-id=\"136409\" src=\"https:\/\/diariodigitalmx.com\/wp-content\/uploads\/2025\/06\/WhatsApp-Image-2025-06-17-at-1.00.01-AM-2-768x576-1.jpeg\" alt=\"\" class=\"wp-image-136409\" srcset=\"https:\/\/diariodigitalmx.com\/wp-content\/uploads\/2025\/06\/WhatsApp-Image-2025-06-17-at-1.00.01-AM-2-768x576-1.jpeg 768w, https:\/\/diariodigitalmx.com\/wp-content\/uploads\/2025\/06\/WhatsApp-Image-2025-06-17-at-1.00.01-AM-2-768x576-1-300x225.jpeg 300w\" sizes=\"(max-width: 768px) 100vw, 768px\" \/><\/figure>\n\n\n\n<figure class=\"wp-block-image size-large\"><img loading=\"lazy\" decoding=\"async\" width=\"960\" height=\"720\" data-id=\"136410\" src=\"https:\/\/diariodigitalmx.com\/wp-content\/uploads\/2025\/06\/WhatsApp-Image-2025-06-17-at-1.00.01-AM-1.jpeg\" alt=\"\" class=\"wp-image-136410\" srcset=\"https:\/\/diariodigitalmx.com\/wp-content\/uploads\/2025\/06\/WhatsApp-Image-2025-06-17-at-1.00.01-AM-1.jpeg 960w, https:\/\/diariodigitalmx.com\/wp-content\/uploads\/2025\/06\/WhatsApp-Image-2025-06-17-at-1.00.01-AM-1-300x225.jpeg 300w, https:\/\/diariodigitalmx.com\/wp-content\/uploads\/2025\/06\/WhatsApp-Image-2025-06-17-at-1.00.01-AM-1-768x576.jpeg 768w\" sizes=\"(max-width: 960px) 100vw, 960px\" \/><\/figure>\n\n\n\n<figure class=\"wp-block-image size-large\"><img loading=\"lazy\" decoding=\"async\" width=\"960\" height=\"720\" data-id=\"136411\" src=\"https:\/\/diariodigitalmx.com\/wp-content\/uploads\/2025\/06\/WhatsApp-Image-2025-06-17-at-1.00.01-AM.jpeg\" alt=\"\" class=\"wp-image-136411\" srcset=\"https:\/\/diariodigitalmx.com\/wp-content\/uploads\/2025\/06\/WhatsApp-Image-2025-06-17-at-1.00.01-AM.jpeg 960w, https:\/\/diariodigitalmx.com\/wp-content\/uploads\/2025\/06\/WhatsApp-Image-2025-06-17-at-1.00.01-AM-300x225.jpeg 300w, https:\/\/diariodigitalmx.com\/wp-content\/uploads\/2025\/06\/WhatsApp-Image-2025-06-17-at-1.00.01-AM-768x576.jpeg 768w\" sizes=\"(max-width: 960px) 100vw, 960px\" \/><\/figure>\n<\/figure>\n\n\n\n<p>En publicaciones de Facebook familiares y amigos de los m\u00fasicos han solicitado el apoyo para localizarlos y afirman que no han tenido contacto de ninguna forma, y que los tel\u00e9fonos parecen estar apagados y sin funcionar.<\/p>\n\n\n\n<p>En las mismas publicaciones de Facebook, \u00d3scar Ulises P\u00e9rez Garza subi\u00f3 una historia a su Instagram alrededor de las 04:00 horas del domingo, donde aseguraba que hab\u00edan tenido fallas t\u00e9cnicas que los oblig\u00f3 a detenerse en la carretera.<\/p>\n\n\n\n<p>El grupo viajaba rumbo a un evento el municipio de&nbsp;<strong>General Ter\u00e1n, a unos 100 kil\u00f3metros al sur de Monterrey, <\/strong>a bordo de una camioneta tipo Suburban en color oscuro con placas de circulaci\u00f3n GZG495E, la cual llevaba parte del equipo de sonido colocado en el techo.Al parecer, cuando se detuvieron por la falla t\u00e9cnica, fue en la carretera libre al municipio de China, pasando &nbsp;la comunidad de San Juan, Cadereyta, y desde entonces los tel\u00e9fonos mandan a buz\u00f3n ni se han conectado a redes sociales.<\/p>\n\n\n\n<p>La <strong>Fiscal\u00eda General de Justicia<\/strong>&nbsp;estatal confirm\u00f3 que familiares de los m\u00fasicos interpusieron la denuncia por desaparici\u00f3n.<\/p>\n\n\n\n<p>De acuerdo con un reporte de Fuerza Civil se han desplegado elementos en la zona, en apoyo a la Fiscal\u00eda General de Justicia para la b\u00fasqueda y localizaci\u00f3n de los m\u00fasicos.<\/p>\n\n\n\n<p>Las carreteras internas de Nuevo Le\u00f3n durante la noche se han convertido en un mayor riesgo para los conductores por lo que pr\u00e1cticamente est\u00e1n solitarias debido a los hechos de violencia que se registran en ella, como el registrado el pasado s\u00e1bado en la vecina localidad de Linares, donde fue ejecutado el secretario del Ayuntamiento a las puertas de su casa.<\/p>\n","protected":false},"excerpt":{"rendered":"<p>Monterrey. \u2013 La Fiscal\u00eda de Justicia de Nuevo Le\u00f3n activ\u00f3 la alerta de b\u00fasqueda de los integrantes del&nbsp;grupo musical Los Juniors de Monterrey&nbsp;y su chofer, quienes desaparecieron cuando acud\u00edan al municipio de General Ter\u00e1n. &#8220;Con relaci\u00f3n al reporte que informa la desaparici\u00f3n de integrantes de un grupo musical, ocurrida en fecha 16 de junio de [&hellip;]<\/p>\n","protected":false},"author":1,"featured_media":136405,"comment_status":"open","ping_status":"open","sticky":false,"template":"","format":"standard","meta":{"footnotes":""},"categories":[6,3,5],"tags":[],"_links":{"self":[{"href":"https:\/\/diariodigitalmx.com\/index.php\/wp-json\/wp\/v2\/posts\/136398"}],"collection":[{"href":"https:\/\/diariodigitalmx.com\/index.php\/wp-json\/wp\/v2\/posts"}],"about":[{"href":"https:\/\/diariodigitalmx.com\/index.php\/wp-json\/wp\/v2\/types\/post"}],"author":[{"embeddable":true,"href":"https:\/\/diariodigitalmx.com\/index.php\/wp-json\/wp\/v2\/users\/1"}],"replies":[{"embeddable":true,"href":"https:\/\/diariodigitalmx.com\/index.php\/wp-json\/wp\/v2\/comments?post=136398"}],"version-history":[{"count":2,"href":"https:\/\/diariodigitalmx.com\/index.php\/wp-json\/wp\/v2\/posts\/136398\/revisions"}],"predecessor-version":[{"id":136412,"href":"https:\/\/diariodigitalmx.com\/index.php\/wp-json\/wp\/v2\/posts\/136398\/revisions\/136412"}],"wp:featuredmedia":[{"embeddable":true,"href":"https:\/\/diariodigitalmx.com\/index.php\/wp-json\/wp\/v2\/media\/136405"}],"wp:attachment":[{"href":"https:\/\/diariodigitalmx.com\/index.php\/wp-json\/wp\/v2\/media?parent=136398"}],"wp:term":[{"taxonomy":"category","embeddable":true,"href":"https:\/\/diariodigitalmx.com\/index.php\/wp-json\/wp\/v2\/categories?post=136398"},{"taxonomy":"post_tag","embeddable":true,"href":"https:\/\/diariodigitalmx.com\/index.php\/wp-json\/wp\/v2\/tags?post=136398"}],"curies":[{"name":"wp","href":"https:\/\/api.w.org\/{rel}","templated":true}]}}