{"id":136400,"date":"2025-06-17T05:53:08","date_gmt":"2025-06-17T11:53:08","guid":{"rendered":"https:\/\/diariodigitalmx.com\/?p=136400"},"modified":"2025-06-17T05:58:43","modified_gmt":"2025-06-17T11:58:43","slug":"realiza-congreso-segunda-mesa-trabajo-sobre-nueva-ley-de-educacion","status":"publish","type":"post","link":"https:\/\/diariodigitalmx.com\/index.php\/2025\/06\/17\/realiza-congreso-segunda-mesa-trabajo-sobre-nueva-ley-de-educacion\/","title":{"rendered":"Realiza Congreso segunda mesa trabajo sobre nueva Ley de Educaci\u00f3n"},"content":{"rendered":"\n<p>En aras de elaborar una nueva Ley de Educaci\u00f3n que modernice, priorice y garantice la educaci\u00f3n dual, socioemocional e inclusiva, en el Congreso local se realiz\u00f3 la segunda mesa de an\u00e1lisis, que fue encabezada por la Diputada Perla Villarreal Valdez, presidenta de la Comisi\u00f3n de Educaci\u00f3n, Cultura y Deporte.<\/p>\n\n\n\n<p>A la reuni\u00f3n de trabajo acudieron representantes de la Secretar\u00eda de Educaci\u00f3n, de la Universidad Aut\u00f3noma de Nuevo Le\u00f3n, del ITESM, de la CAINTRA, y de la secci\u00f3n 50 de maestros.<\/p>\n\n\n\n<p>\u201cEn la segunda mesa de trabajo de la Ley de Educaci\u00f3n fue muy enriquecedora, ya que todos coincidimos en que tiene que ser una ley que se aplique a la realidad que vivimos actualmente, el tema medular es darle m\u00e1s voz a la educaci\u00f3n socioemocional que vaya paralela a la educaci\u00f3n acad\u00e9mica\u201d, apunt\u00f3.<\/p>\n\n\n\n<p>\u201cSe har\u00e1 una consulta para todas las personas que tienen relaci\u00f3n con la educaci\u00f3n inclusiva y con discapacidad, de hecho ma\u00f1ana se trabajar\u00e1 en la primera consulta en la Comisi\u00f3n de Desarrollo Social, lo que no queremos es que esta nueva ley se vea truncada por una consulta\u201d, destac\u00f3.<\/p>\n\n\n\n<p>Asimismo, asistieron representantes del Instituto Nacional de Consultor\u00eda Nacional, de Educaci\u00f3n Sin Barrera, y de la Uni\u00f3n Neolonesa de Padres de Familia.<\/p>\n\n\n\n<p>Villarreal Valdez destac\u00f3 que en conjunto con la Secretar\u00eda de Educaci\u00f3n ya se comenz\u00f3 a trabajar en cada una de las observaciones que, de manera puntual se han realizado durante las reuniones de trabajo.<\/p>\n\n\n\n<p>\u201cNos quedamos con este trabajo bastante avanzado, ya nos comenzaron a mandar muchas observaciones art\u00edculo por art\u00edculo que ya lo estamos platicando en corto con la Secretar\u00eda de Educaci\u00f3n, hay modificaciones que pueden cambiarse sin ning\u00fan problema, solamente los temas en espec\u00edficos que involucran presupuesto, pero eso ya lo veremos detenidamente\u201d, manifest\u00f3.<\/p>\n\n\n\n<p>\u201cVamos muy avanzados, hay voluntad junto con la Secretar\u00eda de Educaci\u00f3n de poder tener esta nueva ley\u201d, enfatiz\u00f3.<\/p>\n\n\n\n<p>Tambi\u00e9n hicieron acto de presencia los Diputados Reyna Reyes Molina, Fernando Aguirre, Jes\u00fas Elizondo, Itzel Castillo, Marisol Gonz\u00e1lez y Armida Serrato.<\/p>\n","protected":false},"excerpt":{"rendered":"<p>En aras de elaborar una nueva Ley de Educaci\u00f3n que modernice, priorice y garantice la educaci\u00f3n dual, socioemocional e inclusiva, en el Congreso local se realiz\u00f3 la segunda mesa de an\u00e1lisis, que fue encabezada por la Diputada Perla Villarreal Valdez, presidenta de la Comisi\u00f3n de Educaci\u00f3n, Cultura y Deporte. A la reuni\u00f3n de trabajo acudieron [&hellip;]<\/p>\n","protected":false},"author":1,"featured_media":136413,"comment_status":"open","ping_status":"open","sticky":false,"template":"","format":"standard","meta":{"footnotes":""},"categories":[6],"tags":[],"_links":{"self":[{"href":"https:\/\/diariodigitalmx.com\/index.php\/wp-json\/wp\/v2\/posts\/136400"}],"collection":[{"href":"https:\/\/diariodigitalmx.com\/index.php\/wp-json\/wp\/v2\/posts"}],"about":[{"href":"https:\/\/diariodigitalmx.com\/index.php\/wp-json\/wp\/v2\/types\/post"}],"author":[{"embeddable":true,"href":"https:\/\/diariodigitalmx.com\/index.php\/wp-json\/wp\/v2\/users\/1"}],"replies":[{"embeddable":true,"href":"https:\/\/diariodigitalmx.com\/index.php\/wp-json\/wp\/v2\/comments?post=136400"}],"version-history":[{"count":1,"href":"https:\/\/diariodigitalmx.com\/index.php\/wp-json\/wp\/v2\/posts\/136400\/revisions"}],"predecessor-version":[{"id":136401,"href":"https:\/\/diariodigitalmx.com\/index.php\/wp-json\/wp\/v2\/posts\/136400\/revisions\/136401"}],"wp:featuredmedia":[{"embeddable":true,"href":"https:\/\/diariodigitalmx.com\/index.php\/wp-json\/wp\/v2\/media\/136413"}],"wp:attachment":[{"href":"https:\/\/diariodigitalmx.com\/index.php\/wp-json\/wp\/v2\/media?parent=136400"}],"wp:term":[{"taxonomy":"category","embeddable":true,"href":"https:\/\/diariodigitalmx.com\/index.php\/wp-json\/wp\/v2\/categories?post=136400"},{"taxonomy":"post_tag","embeddable":true,"href":"https:\/\/diariodigitalmx.com\/index.php\/wp-json\/wp\/v2\/tags?post=136400"}],"curies":[{"name":"wp","href":"https:\/\/api.w.org\/{rel}","templated":true}]}}