{"id":136427,"date":"2025-06-17T13:36:32","date_gmt":"2025-06-17T19:36:32","guid":{"rendered":"https:\/\/diariodigitalmx.com\/?p=136427"},"modified":"2025-06-17T13:41:05","modified_gmt":"2025-06-17T19:41:05","slug":"declaran-musicos-presentan-algunos-golpes-y-llegaron-a-sus-casas-por-su-cuenta","status":"publish","type":"post","link":"https:\/\/diariodigitalmx.com\/index.php\/2025\/06\/17\/declaran-musicos-presentan-algunos-golpes-y-llegaron-a-sus-casas-por-su-cuenta\/","title":{"rendered":"Declaran m\u00fasicos; presentan algunos golpes y llegaron a sus casas por su cuenta"},"content":{"rendered":"\n<p>Monterrey. \u2013 En medio del sigilo sin abundar en mayores detalles, las autoridades de Fiscal\u00eda Especializada en Personas Desaparecidas informaron que los integrantes del&nbsp;<strong>Grupo Los Juniors de Monterrey<\/strong>&nbsp;y su chofer llegaron por su cuenta a sus respectivas casas.<\/p>\n\n\n\n<p>El argumento de Ra\u00fal Alejandro Sep\u00falveda Mart\u00ednez, titular de la Fiscal\u00eda es que todav\u00eda no est\u00e1n terminadas las entrevistas a cada uno de los involucrados.<\/p>\n\n\n\n<p>Sin abundar en detalles, ni tampoco informar si fueron liberados, o c\u00f3mo fueron secuestrados, el funcionario asegura que la ma\u00f1ana de este martes fueron localizados cada uno de ellos en su domicilio.<\/p>\n\n\n\n<p>Solamente se concret\u00f3 a se\u00f1alar que los j\u00f3venes no fueron rescatados por ninguna autoridad.<\/p>\n\n\n\n<p>Indic\u00f3 tambi\u00e9n que&nbsp;presentan golpes, aunque hasta el momento no se ha confirmado la gravedad de sus lesiones, ya que apenas est\u00e1n rindiendo su declaraci\u00f3n y siendo valorados m\u00e9dicamente.<\/p>\n\n\n\n<p>Los m\u00fasicos y el chofer acudieron a declarar a la Fiscal\u00eda este martes sin ofrecer declaraci\u00f3n alguna a la prensa.<\/p>\n\n\n\n<p>&#8220;La localizaci\u00f3n que hizo la&nbsp;<strong>Polic\u00eda Ministerial<\/strong>&nbsp;fue en los domicilios de cada uno de ellos el d\u00eda de hoy en la ma\u00f1ana&#8221;.<\/p>\n\n\n\n<p>&#8220;A las siete de la ma\u00f1ana inici\u00f3 un operativo presencial en ese sector de las carreteras donde se tuvo el \u00faltimo registro de los j\u00f3venes y el d\u00eda de hoy a partir de las ocho de la ma\u00f1ana empezamos a recibir los informes de parte de los familiares en el sentido de que los j\u00f3venes ya estaban de regreso en sus domicilios&#8221;, agreg\u00f3 Sep\u00falveda Mart\u00ednez quien record\u00f3 que cerca de las 20:00 horas del lunes 16 de junio empezaron a&nbsp;<strong>recibir las denuncias<\/strong>&nbsp;de familiares de los m\u00fasicos que hab\u00edan desaparecido cuando iban a tocar al municipio de General Ter\u00e1n.<br>Fue entonces que, junto con la Comisi\u00f3n Local de B\u00fasqueda de Personas y el Grupo de B\u00fasqueda de Personas de Fuerza Civil iniciaron las indagatorias, hasta que supieron que los m\u00fasicos&nbsp; estaban ya en sus casas ubicadas en los municipios conurbados de Guadalupe y Ju\u00e1rez.<br>Por ello, la&nbsp;<strong>Fiscal\u00eda General de Justicia<\/strong>&nbsp;inform\u00f3 la ma\u00f1ana de este martes que los hombres ya hab\u00edan aparecido con vida.<br>Ellos habr\u00edan sido levantados o secuestrados cuando la camioneta en la que viajaban, en la&nbsp;<strong>Carretera a General Ter\u00e1n<\/strong>, tuvo fallas t\u00e9cnicas y debieron detenerse en la madrugada; despu\u00e9s sus familiares ya no supieron de ellos, ni sus tel\u00e9fonos celulares contestaron.<\/p>\n\n\n\n<p>El veh\u00edculo en el que viajaban qued\u00f3 asegurado como parte de la investigaci\u00f3n y en busca de indicios.<\/p>\n\n\n\n<p>Los integrantes del grupo musical son Francisco Gabriel Alfaro Oyervides, de 18 a\u00f1os; Luis Nefaki Dom\u00ednguez Lucina y Abraham Ontiveros Leal, ambos de 23; \u00d3scar Ulises P\u00e9rez Garza, de 24, y Leonardo Rubio Leos, de 33, mientras que el chofer fue identificado como Lorenzo Antonio Mart\u00ednez Manzanares, de 40 a\u00f1os.En redes sociales familiares y amigos hab\u00edan informado de la desaparici\u00f3n y solicitaban el apoyo para su b\u00fasqueda, posteriormente presentaron la denuncia ante la Fiscal\u00eda de Justicia quien lanz\u00f3 la alerta.<\/p>\n","protected":false},"excerpt":{"rendered":"<p>Monterrey. \u2013 En medio del sigilo sin abundar en mayores detalles, las autoridades de Fiscal\u00eda Especializada en Personas Desaparecidas informaron que los integrantes del&nbsp;Grupo Los Juniors de Monterrey&nbsp;y su chofer llegaron por su cuenta a sus respectivas casas. El argumento de Ra\u00fal Alejandro Sep\u00falveda Mart\u00ednez, titular de la Fiscal\u00eda es que todav\u00eda no est\u00e1n terminadas [&hellip;]<\/p>\n","protected":false},"author":1,"featured_media":136429,"comment_status":"open","ping_status":"open","sticky":false,"template":"","format":"standard","meta":{"footnotes":""},"categories":[6,3,5],"tags":[],"_links":{"self":[{"href":"https:\/\/diariodigitalmx.com\/index.php\/wp-json\/wp\/v2\/posts\/136427"}],"collection":[{"href":"https:\/\/diariodigitalmx.com\/index.php\/wp-json\/wp\/v2\/posts"}],"about":[{"href":"https:\/\/diariodigitalmx.com\/index.php\/wp-json\/wp\/v2\/types\/post"}],"author":[{"embeddable":true,"href":"https:\/\/diariodigitalmx.com\/index.php\/wp-json\/wp\/v2\/users\/1"}],"replies":[{"embeddable":true,"href":"https:\/\/diariodigitalmx.com\/index.php\/wp-json\/wp\/v2\/comments?post=136427"}],"version-history":[{"count":1,"href":"https:\/\/diariodigitalmx.com\/index.php\/wp-json\/wp\/v2\/posts\/136427\/revisions"}],"predecessor-version":[{"id":136428,"href":"https:\/\/diariodigitalmx.com\/index.php\/wp-json\/wp\/v2\/posts\/136427\/revisions\/136428"}],"wp:featuredmedia":[{"embeddable":true,"href":"https:\/\/diariodigitalmx.com\/index.php\/wp-json\/wp\/v2\/media\/136429"}],"wp:attachment":[{"href":"https:\/\/diariodigitalmx.com\/index.php\/wp-json\/wp\/v2\/media?parent=136427"}],"wp:term":[{"taxonomy":"category","embeddable":true,"href":"https:\/\/diariodigitalmx.com\/index.php\/wp-json\/wp\/v2\/categories?post=136427"},{"taxonomy":"post_tag","embeddable":true,"href":"https:\/\/diariodigitalmx.com\/index.php\/wp-json\/wp\/v2\/tags?post=136427"}],"curies":[{"name":"wp","href":"https:\/\/api.w.org\/{rel}","templated":true}]}}