{"id":136431,"date":"2025-06-17T22:33:06","date_gmt":"2025-06-18T04:33:06","guid":{"rendered":"https:\/\/diariodigitalmx.com\/?p=136431"},"modified":"2025-06-17T22:35:04","modified_gmt":"2025-06-18T04:35:04","slug":"la-comunidad-cristiana-evangelica-de-nl-acuerda-con-el-gobierno-del-estado-acceso-a-servicios-medicos","status":"publish","type":"post","link":"https:\/\/diariodigitalmx.com\/index.php\/2025\/06\/17\/la-comunidad-cristiana-evangelica-de-nl-acuerda-con-el-gobierno-del-estado-acceso-a-servicios-medicos\/","title":{"rendered":"La comunidad cristiana evang\u00e9lica de NL acuerda con el Gobierno del Estado acceso a servicios m\u00e9dicos"},"content":{"rendered":"\n<p>Monterrey, N.L.- La Asociaci\u00f3n Ministerial Evang\u00e9lica en el Estado de Nuevo Le\u00f3n inform\u00f3 que, tras un proceso de di\u00e1logo y acercamiento con el Gobierno estatal, se logr\u00f3 un acuerdo hist\u00f3rico que permitir\u00e1 ofrecer servicios m\u00e9dicos gratuitos a los pastores, sus familias y miembros de las congregaciones evang\u00e9licas que carezcan de afiliaci\u00f3n a alg\u00fan sistema de salud.<\/p>\n\n\n\n<p>Alfredo de Hoyos, presidente de la Asociaci\u00f3n, destac\u00f3 que este convenio es resultado de un esfuerzo conjunto para atender las necesidades de comunidades que, por a\u00f1os, no contaron con acceso a estos beneficios. \u201cHoy celebramos la sensibilidad del Gobierno del Estado, que, a trav\u00e9s del secretario general de Gobierno, Javier Navarro, abri\u00f3 un programa que ya exist\u00eda y lo puso al alcance de quienes servimos desde nuestras iglesias\u201d, expres\u00f3.<\/p>\n\n\n\n<p>El servicio se otorgar\u00e1 en las 386 unidades de salud, 12 hospitales generales y 41 unidades especializadas que conforman la red hospitalaria estatal, y contempla atenci\u00f3n de primer, segundo y hasta tercer nivel. Las personas interesadas podr\u00e1n registrarse presentando identificaci\u00f3n oficial y comprobante de domicilio para recibir una credencial que les permitir\u00e1 acceder a la atenci\u00f3n m\u00e9dica.<\/p>\n\n\n\n<p>En rueda de prensa, De Hoyos a\u00f1adi\u00f3: \u201cEste acuerdo es un paso significativo hacia una mayor colaboraci\u00f3n entre Iglesia y Gobierno, con el prop\u00f3sito de contribuir al bienestar y la paz social en nuestro Estado\u201d.<\/p>\n\n\n\n<p>El presidente de la Asociaci\u00f3n estuvo acompa\u00f1ado por Felipe Hern\u00e1ndez, de la Comisi\u00f3n Pol\u00edtica de la Alianza Ministerial Estatal; Juana Mar\u00eda Escalona de Arizpe, presidenta de la Alianza de Pastores en Guadalupe; Florencio Arizpe Su\u00e1rez, de la Iglesia Nuevo Nacimiento en Guadalupe y presidente de la Alianza de Pastores de Guadalupe; Elizabeth Guti\u00e9rrez, de la Alianza de Mujeres de Reino y de Mujeres de Iniciativa Ciudadana de Nuevo Le\u00f3n; y \u00d3scar Jim\u00e9nez, representante del Centro de Fe, Esperanza y Amor y director del Instituto Daniel Ost.<\/p>\n\n\n\n<p>De manera conjunta, estas organizaciones congregan a alrededor de dos millones de feligreses de todas las edades en el estado.<\/p>\n\n\n\n<p>RESPETO Y APERTURA<\/p>\n\n\n\n<p>Por otro lado, la Asociaci\u00f3n Ministerial Evang\u00e9lica expres\u00f3 su confianza en que, ante eventuales cambios en el Gobierno del Estado, se mantenga el respeto y la apertura hacia la comunidad cristiana evang\u00e9lica y sus valores.<\/p>\n\n\n\n<p>Alfredo de Hoyos destac\u00f3 que el trato actual por parte de las autoridades ha sido positivo y que esperan que las puertas del Palacio de Gobierno contin\u00faen abiertas al di\u00e1logo. \u201cLa iglesia evang\u00e9lica en el estado de Nuevo Le\u00f3n representa un porcentaje muy alto de personas; estamos hablando de casi dos millones de creyentes evang\u00e9licos en todo el Estado, lo cual es un n\u00famero muy representativo\u201d, indic\u00f3.<\/p>\n\n\n\n<p>En un contexto de posible relevo de funcionarios, subray\u00f3 que no corresponde a la Asociaci\u00f3n pronunciarse sobre temas pol\u00edticos. \u201cSi Dios lo mueve, y nosotros somos creyentes en la escritura que dice: \u2018Dios pone reyes y quita reyes\u2019. Si Dios lo puso y lo va a quitar, pues a Dios sea la gloria\u201d, afirm\u00f3.<\/p>\n\n\n\n<p>Sobre el compromiso de las autoridades, agreg\u00f3 que este se ha dado de palabra y conf\u00edan en que perdure. \u201cYo estimo que la persona que est\u00e1 ejerciendo una autoridad en el Gobierno del Estado tiene un compromiso moral y social, y que se le otorg\u00f3 incluso un voto a favor a \u00e9l y a los que est\u00e1n juntamente con \u00e9l. Espero que ese compromiso, por lo menos durante el periodo de su estancia, perdure\u201d, se\u00f1al\u00f3.<\/p>\n\n\n\n<p>En relaci\u00f3n con el proceso electoral, asegur\u00f3 que no existe temor de que la comunidad sea utilizada pol\u00edticamente. \u201cEl grupo evang\u00e9lico tiene muchas cabezas; no es que tomes a uno y tomes a todos. Tendr\u00eda que ser una labor de entendimiento distinto. La respuesta es no, no tengo temor a ser usado en ning\u00fan tiempo\u201d, expres\u00f3.<\/p>\n\n\n\n<p>Finalmente, De Hoyos reiter\u00f3 el llamado al respeto de los valores y principios de la comunidad. \u201cNos gustar\u00eda mucho que, dentro de la sociedad, que es diversa, los principios que nosotros tenemos pudieran ser tambi\u00e9n permitidos y respetados. Si alguien cree en el aborto, pues est\u00e1 bien, pero nosotros tenemos la convicci\u00f3n de no participar en ese tipo de situaciones. Queremos tener voz, voto y ser respetados en nuestras creencias, tal como respetamos otras tendencias\u201d, concluy\u00f3.<\/p>\n","protected":false},"excerpt":{"rendered":"<p>Monterrey, N.L.- La Asociaci\u00f3n Ministerial Evang\u00e9lica en el Estado de Nuevo Le\u00f3n inform\u00f3 que, tras un proceso de di\u00e1logo y acercamiento con el Gobierno estatal, se logr\u00f3 un acuerdo hist\u00f3rico que permitir\u00e1 ofrecer servicios m\u00e9dicos gratuitos a los pastores, sus familias y miembros de las congregaciones evang\u00e9licas que carezcan de afiliaci\u00f3n a alg\u00fan sistema de [&hellip;]<\/p>\n","protected":false},"author":1,"featured_media":136433,"comment_status":"open","ping_status":"open","sticky":false,"template":"","format":"standard","meta":{"footnotes":""},"categories":[6,5],"tags":[],"_links":{"self":[{"href":"https:\/\/diariodigitalmx.com\/index.php\/wp-json\/wp\/v2\/posts\/136431"}],"collection":[{"href":"https:\/\/diariodigitalmx.com\/index.php\/wp-json\/wp\/v2\/posts"}],"about":[{"href":"https:\/\/diariodigitalmx.com\/index.php\/wp-json\/wp\/v2\/types\/post"}],"author":[{"embeddable":true,"href":"https:\/\/diariodigitalmx.com\/index.php\/wp-json\/wp\/v2\/users\/1"}],"replies":[{"embeddable":true,"href":"https:\/\/diariodigitalmx.com\/index.php\/wp-json\/wp\/v2\/comments?post=136431"}],"version-history":[{"count":1,"href":"https:\/\/diariodigitalmx.com\/index.php\/wp-json\/wp\/v2\/posts\/136431\/revisions"}],"predecessor-version":[{"id":136432,"href":"https:\/\/diariodigitalmx.com\/index.php\/wp-json\/wp\/v2\/posts\/136431\/revisions\/136432"}],"wp:featuredmedia":[{"embeddable":true,"href":"https:\/\/diariodigitalmx.com\/index.php\/wp-json\/wp\/v2\/media\/136433"}],"wp:attachment":[{"href":"https:\/\/diariodigitalmx.com\/index.php\/wp-json\/wp\/v2\/media?parent=136431"}],"wp:term":[{"taxonomy":"category","embeddable":true,"href":"https:\/\/diariodigitalmx.com\/index.php\/wp-json\/wp\/v2\/categories?post=136431"},{"taxonomy":"post_tag","embeddable":true,"href":"https:\/\/diariodigitalmx.com\/index.php\/wp-json\/wp\/v2\/tags?post=136431"}],"curies":[{"name":"wp","href":"https:\/\/api.w.org\/{rel}","templated":true}]}}