{"id":136442,"date":"2025-06-18T13:59:06","date_gmt":"2025-06-18T19:59:06","guid":{"rendered":"https:\/\/diariodigitalmx.com\/?p=136442"},"modified":"2025-06-18T14:06:43","modified_gmt":"2025-06-18T20:06:43","slug":"ahora-desaparecen-cuatro-en-carreteras-de-nl","status":"publish","type":"post","link":"https:\/\/diariodigitalmx.com\/index.php\/2025\/06\/18\/ahora-desaparecen-cuatro-en-carreteras-de-nl\/","title":{"rendered":"Ahora desaparecen cuatro en carreteras de NL"},"content":{"rendered":"\n<figure class=\"wp-block-image size-full\"><img loading=\"lazy\" decoding=\"async\" width=\"1024\" height=\"682\" src=\"https:\/\/diariodigitalmx.com\/wp-content\/uploads\/2025\/06\/ImageTransformer-3-2.webp\" alt=\"\" class=\"wp-image-136447\" srcset=\"https:\/\/diariodigitalmx.com\/wp-content\/uploads\/2025\/06\/ImageTransformer-3-2.webp 1024w, https:\/\/diariodigitalmx.com\/wp-content\/uploads\/2025\/06\/ImageTransformer-3-2-300x200.webp 300w, https:\/\/diariodigitalmx.com\/wp-content\/uploads\/2025\/06\/ImageTransformer-3-2-768x512.webp 768w\" sizes=\"(max-width: 1024px) 100vw, 1024px\" \/><\/figure>\n\n\n\n<p>Monterrey .&nbsp; &#8211;&nbsp; Las autoridades emitieron la alerta de localizaci\u00f3n de cuatro personas, tres mujeres y un enfermero que desaparecieron en la carretera Monterrey-Reynosa.<\/p>\n\n\n\n<p>La&nbsp;<strong>Fiscal\u00eda General de Justicia<\/strong>&nbsp;emiti\u00f3 el reporte de b\u00fasqueday dijo que desaparecieron&nbsp; desde el domingo pasado.<\/p>\n\n\n\n<p>&#8220;En estos casos se est\u00e1n realizando las labores de inteligencia, en coordinaci\u00f3n con la entidad de Gobierno&#8221;, inform\u00f3 el fiscal Javier Flores, quien dijo que las personas desaparecidas regresaban a la Ciudad de Reynosa, Tamaulipas donde residen y viajaban desde Nuevo Le\u00f3n .<\/p>\n\n\n\n<p>Se ha identificado a los desaparecidos como Natalia Gisela Ram\u00edrez Nolasco, de 50 a\u00f1os; Mar\u00eda de la Luz Lara Lara, de 48, y Teresa Lizbeth P\u00e9rez Fuentes, de 26.<\/p>\n\n\n\n<figure class=\"wp-block-image size-full\"><img loading=\"lazy\" decoding=\"async\" width=\"960\" height=\"640\" src=\"https:\/\/diariodigitalmx.com\/wp-content\/uploads\/2025\/06\/ImageTransformer-5.webp\" alt=\"\" class=\"wp-image-136448\" srcset=\"https:\/\/diariodigitalmx.com\/wp-content\/uploads\/2025\/06\/ImageTransformer-5.webp 960w, https:\/\/diariodigitalmx.com\/wp-content\/uploads\/2025\/06\/ImageTransformer-5-300x200.webp 300w, https:\/\/diariodigitalmx.com\/wp-content\/uploads\/2025\/06\/ImageTransformer-5-768x512.webp 768w\" sizes=\"(max-width: 960px) 100vw, 960px\" \/><\/figure>\n\n\n\n<p>&#8220;El otro es el caso de un enfermero (Pedro Antonio Lorenzo Mart\u00ednez, de 48 a\u00f1os)que por su parte andaba en Cadereyta y cuando se dirig\u00eda a Reynosa, a su ciudad, sufri\u00f3 las mismas consecuencias&#8221;.<\/p>\n\n\n\n<p>El&nbsp;<strong>Fiscal<\/strong>&nbsp;confirm\u00f3 que ya han iniciado con los protocolos de b\u00fasqueda y a\u00f1adi\u00f3 que la desaparici\u00f3n se dio el mismo d\u00eda que los cinco integrantes del grupo&nbsp;<strong>Los Juniors de Monterrey<\/strong>&nbsp;y su chofer.<\/p>\n\n\n\n<p>&#8220;Hay denuncias de otras personas no localizadas, en eventos diferentes, son tres personas femeninas que ven\u00edan de la ciudad de Reynosa acudieron a&nbsp;<strong>San Bartolo, Cadereyta<\/strong>, y cuando se regresaban a su ciudad fueron privadas tentativamente de la libertad&#8221;, coment\u00f3.<\/p>\n\n\n\n<p>Abund\u00f3 el funcionario que las mujeres con domicilio en&nbsp;<strong>Reynosa<\/strong>, viajaron el domingo a San Bartolo, Cadereyta, donde estuvieron todo el d\u00eda. Por la noche regresaban a Tamaulipas en un auto Ford Fussion modelo 2011, color gris oscuro, el cual reportaron a sus familiares que se les descompuso, alrededor de las 22:00 horas.<\/p>\n\n\n\n<p>Despu\u00e9s ya no tuvieron contacto con ellas y se estima que&nbsp;la desaparici\u00f3n se dio a la altura del municipio de&nbsp;<strong>Los Ramones<\/strong>, a 80 kil\u00f3metros&nbsp; al oriente de Monterreyal igual que el enfermero.<\/p>\n\n\n\n<p>El enfermero sali\u00f3 de Cadereyta en su camioneta Nissan Rogue blanca, alrededor de las 19:00 horas del domingo y se perdi\u00f3<\/p>\n\n\n\n<p>contacto con \u00e9l cuando iba de regreso a Reynosa, donde vive y donde trabaja en el Hospital General Regional No. 270 del IMSS.<\/p>\n\n\n\n<p>El reporte de b\u00fasqueda se dio a conocer la ma\u00f1ana de este mi\u00e9rcoles.<\/p>\n","protected":false},"excerpt":{"rendered":"<p>Monterrey .&nbsp; &#8211;&nbsp; Las autoridades emitieron la alerta de localizaci\u00f3n de cuatro personas, tres mujeres y un enfermero que desaparecieron en la carretera Monterrey-Reynosa. La&nbsp;Fiscal\u00eda General de Justicia&nbsp;emiti\u00f3 el reporte de b\u00fasqueday dijo que desaparecieron&nbsp; desde el domingo pasado. &#8220;En estos casos se est\u00e1n realizando las labores de inteligencia, en coordinaci\u00f3n con la entidad de [&hellip;]<\/p>\n","protected":false},"author":1,"featured_media":136444,"comment_status":"open","ping_status":"open","sticky":false,"template":"","format":"standard","meta":{"footnotes":""},"categories":[6,3,5],"tags":[],"_links":{"self":[{"href":"https:\/\/diariodigitalmx.com\/index.php\/wp-json\/wp\/v2\/posts\/136442"}],"collection":[{"href":"https:\/\/diariodigitalmx.com\/index.php\/wp-json\/wp\/v2\/posts"}],"about":[{"href":"https:\/\/diariodigitalmx.com\/index.php\/wp-json\/wp\/v2\/types\/post"}],"author":[{"embeddable":true,"href":"https:\/\/diariodigitalmx.com\/index.php\/wp-json\/wp\/v2\/users\/1"}],"replies":[{"embeddable":true,"href":"https:\/\/diariodigitalmx.com\/index.php\/wp-json\/wp\/v2\/comments?post=136442"}],"version-history":[{"count":3,"href":"https:\/\/diariodigitalmx.com\/index.php\/wp-json\/wp\/v2\/posts\/136442\/revisions"}],"predecessor-version":[{"id":136449,"href":"https:\/\/diariodigitalmx.com\/index.php\/wp-json\/wp\/v2\/posts\/136442\/revisions\/136449"}],"wp:featuredmedia":[{"embeddable":true,"href":"https:\/\/diariodigitalmx.com\/index.php\/wp-json\/wp\/v2\/media\/136444"}],"wp:attachment":[{"href":"https:\/\/diariodigitalmx.com\/index.php\/wp-json\/wp\/v2\/media?parent=136442"}],"wp:term":[{"taxonomy":"category","embeddable":true,"href":"https:\/\/diariodigitalmx.com\/index.php\/wp-json\/wp\/v2\/categories?post=136442"},{"taxonomy":"post_tag","embeddable":true,"href":"https:\/\/diariodigitalmx.com\/index.php\/wp-json\/wp\/v2\/tags?post=136442"}],"curies":[{"name":"wp","href":"https:\/\/api.w.org\/{rel}","templated":true}]}}