{"id":136451,"date":"2025-06-18T14:10:06","date_gmt":"2025-06-18T20:10:06","guid":{"rendered":"https:\/\/diariodigitalmx.com\/?p=136451"},"modified":"2025-06-18T14:13:22","modified_gmt":"2025-06-18T20:13:22","slug":"llama-perla-villarreal-verificar-condiciones-laborales-de-medicos-residentes","status":"publish","type":"post","link":"https:\/\/diariodigitalmx.com\/index.php\/2025\/06\/18\/llama-perla-villarreal-verificar-condiciones-laborales-de-medicos-residentes\/","title":{"rendered":"Llama Perla Villarreal verificar condiciones laborales de m\u00e9dicos residentes"},"content":{"rendered":"\n<p>La Coordinadora del Grupo Legislativo del PRD, Perla Villarreal Valdez, exhort\u00f3 a la Secretar\u00eda de Salud Federal realice las acciones necesarias para verificar que en los hospitales p\u00fablicos y privados del Estado se establezcan las condiciones m\u00ednimas que deben regir en la organizaci\u00f3n y funcionamiento de las residencias m\u00e9dicas.<\/p>\n\n\n\n<p>La perredista detall\u00f3 que la Comisi\u00f3n Federal para la Protecci\u00f3n contra Riesgos Sanitarios (COFEPRIS) y la Subsecretar\u00eda de Regulaci\u00f3n y Fomento Sanitario deben verificar que se est\u00e9 cumpliendo con las disposiciones establecidas en la Norma Oficial Mexicana NOM 001 SSA 2023, publicada en el Diario Oficial de la Federaci\u00f3n el 19 de marzo del 2024, donde se establecen los horarios, supervisi\u00f3n y condiciones laborales dignas para los m\u00e9dicos en formaci\u00f3n que se encuentran realizando su residencia.<\/p>\n\n\n\n<p>Dicha norma estipula que las guardias no deben exceder dos por semana, deben de estar separadas por un m\u00ednimo de tres d\u00edas, y que la carga m\u00e1xima de trabajo semanal no debe rebasar las 80 horas.<\/p>\n\n\n\n<p>\u201cEste exhorto no busca confrontar al sector m\u00e9dico, ni se\u00f1alar culpables, el principal objetivo es construir soluciones institucionales, para que la formaci\u00f3n m\u00e9dica en Nuevo Le\u00f3n est\u00e9 basada en el respeto, el aprendizaje y el bienestar humano\u201d, afirm\u00f3.<\/p>\n\n\n\n<p>\u201cHago un llamado a la conciencia de las autoridades sanitarias, para que velen por la aplicaci\u00f3n de dicha norma, porque quienes hoy est\u00e1n en la formaci\u00f3n m\u00e9dica, ser\u00e1n quienes el d\u00eda de ma\u00f1ana, salvar\u00e1n nuestras vidas, atender\u00e1n a nuestras familias, y representar\u00e1n al sistema de salud que tanto necesita Nuevo Le\u00f3n\u201d, a\u00f1adi\u00f3.<\/p>\n\n\n\n<p>Villarreal Valdez lament\u00f3 que recientemente se haya dado registrado el suicidio de un m\u00e9dico residente tras supuestas presiones laborales.<\/p>\n\n\n\n<p>\u201cHoy nos encontramos ante un contexto que raya en ocasiones en la negligencia institucional y que ha derivado, en casos extremos, en ideaciones suicidas, hospitalizaciones psiqui\u00e1tricas y, lamentablemente, incluso suicidios consumados\u201d, lament\u00f3.<\/p>\n\n\n\n<p>\u201cLas disposiciones que se establecen en la norma, lejos de respetarse, son frecuentemente ignoradas, pues los relatos de los residentes que laboran en distintos hospitales, resultan estremecedores y alarmantes, ya que incluso llegan a laborar 48 horas consecutivas y sin descanso\u201d, asever\u00f3.<\/p>\n\n\n\n<p>La Coordinadora del GLPRD manifest\u00f3 que algunos m\u00e9dicos residentes han sido diagnosticados con depresi\u00f3n mayor, otros han perdido peso de forma alarmante en cuesti\u00f3n de semanas, y no faltan quienes, en medio de ese sufrimiento, han contemplado o intentado acabar con su vida.<\/p>\n","protected":false},"excerpt":{"rendered":"<p>La Coordinadora del Grupo Legislativo del PRD, Perla Villarreal Valdez, exhort\u00f3 a la Secretar\u00eda de Salud Federal realice las acciones necesarias para verificar que en los hospitales p\u00fablicos y privados del Estado se establezcan las condiciones m\u00ednimas que deben regir en la organizaci\u00f3n y funcionamiento de las residencias m\u00e9dicas. La perredista detall\u00f3 que la Comisi\u00f3n [&hellip;]<\/p>\n","protected":false},"author":1,"featured_media":136456,"comment_status":"open","ping_status":"open","sticky":false,"template":"","format":"standard","meta":{"footnotes":""},"categories":[6],"tags":[],"_links":{"self":[{"href":"https:\/\/diariodigitalmx.com\/index.php\/wp-json\/wp\/v2\/posts\/136451"}],"collection":[{"href":"https:\/\/diariodigitalmx.com\/index.php\/wp-json\/wp\/v2\/posts"}],"about":[{"href":"https:\/\/diariodigitalmx.com\/index.php\/wp-json\/wp\/v2\/types\/post"}],"author":[{"embeddable":true,"href":"https:\/\/diariodigitalmx.com\/index.php\/wp-json\/wp\/v2\/users\/1"}],"replies":[{"embeddable":true,"href":"https:\/\/diariodigitalmx.com\/index.php\/wp-json\/wp\/v2\/comments?post=136451"}],"version-history":[{"count":1,"href":"https:\/\/diariodigitalmx.com\/index.php\/wp-json\/wp\/v2\/posts\/136451\/revisions"}],"predecessor-version":[{"id":136452,"href":"https:\/\/diariodigitalmx.com\/index.php\/wp-json\/wp\/v2\/posts\/136451\/revisions\/136452"}],"wp:featuredmedia":[{"embeddable":true,"href":"https:\/\/diariodigitalmx.com\/index.php\/wp-json\/wp\/v2\/media\/136456"}],"wp:attachment":[{"href":"https:\/\/diariodigitalmx.com\/index.php\/wp-json\/wp\/v2\/media?parent=136451"}],"wp:term":[{"taxonomy":"category","embeddable":true,"href":"https:\/\/diariodigitalmx.com\/index.php\/wp-json\/wp\/v2\/categories?post=136451"},{"taxonomy":"post_tag","embeddable":true,"href":"https:\/\/diariodigitalmx.com\/index.php\/wp-json\/wp\/v2\/tags?post=136451"}],"curies":[{"name":"wp","href":"https:\/\/api.w.org\/{rel}","templated":true}]}}