{"id":136598,"date":"2025-06-21T23:35:20","date_gmt":"2025-06-22T05:35:20","guid":{"rendered":"https:\/\/diariodigitalmx.com\/?p=136598"},"modified":"2025-06-21T23:54:42","modified_gmt":"2025-06-22T05:54:42","slug":"escobedo-y-encuentro-mundial-de-valores-se-unen-para-fortalecer-el-tejido-social","status":"publish","type":"post","link":"https:\/\/diariodigitalmx.com\/index.php\/2025\/06\/21\/escobedo-y-encuentro-mundial-de-valores-se-unen-para-fortalecer-el-tejido-social\/","title":{"rendered":"Escobedo y Encuentro Mundial de Valores se unen para fortalecer el tejido social"},"content":{"rendered":"\n<p>Con una visi\u00f3n compartida de transformaci\u00f3n social, el Municipio de Escobedo y el Encuentro Mundial de Valores firmaron un convenio para trabajar juntos en la restauraci\u00f3n del tejido social, impulsando estrategias integrales que fortalezcan los valores, la comunidad y la empat\u00eda.<br>El acuerdo fue formalizado por el Alcalde Andr\u00e9s Mijes Llovera y la Presidenta del Encuentro Mundial de Valores, Cristina Gonz\u00e1lez Par\u00e1s, quienes coincidieron en que esta colaboraci\u00f3n marca un punto de partida crucial para cambiar el rumbo de las comunidades desde lo humano, lo solidario y lo colectivo.<\/p>\n\n\n\n<figure class=\"wp-block-image size-large\"><img loading=\"lazy\" decoding=\"async\" width=\"1024\" height=\"683\" src=\"https:\/\/diariodigitalmx.com\/wp-content\/uploads\/2025\/06\/Q9A3945-1024x683.jpg\" alt=\"\" class=\"wp-image-136614\" srcset=\"https:\/\/diariodigitalmx.com\/wp-content\/uploads\/2025\/06\/Q9A3945-1024x683.jpg 1024w, https:\/\/diariodigitalmx.com\/wp-content\/uploads\/2025\/06\/Q9A3945-300x200.jpg 300w, https:\/\/diariodigitalmx.com\/wp-content\/uploads\/2025\/06\/Q9A3945-768x512.jpg 768w, https:\/\/diariodigitalmx.com\/wp-content\/uploads\/2025\/06\/Q9A3945-1536x1024.jpg 1536w, https:\/\/diariodigitalmx.com\/wp-content\/uploads\/2025\/06\/Q9A3945-2048x1365.jpg 2048w\" sizes=\"(max-width: 1024px) 100vw, 1024px\" \/><\/figure>\n\n\n\n<p>La alianza, explic\u00f3 Mijes que nace de la convicci\u00f3n de que para lograr una transformaci\u00f3n real se requiere la participaci\u00f3n de la sociedad civil.<br>\u201cAl firmar este convenio, reafirmamos nuestro compromiso con la construcci\u00f3n de un M\u00e9xico m\u00e1s justo, solidario y compasivo y un Nuevo Le\u00f3n para todos, donde la 4T Norte\u00f1a sea una realidad tangible. Porque el norte sabe compartir con fraternidad y justicia, esa es la grandeza que vamos a recuperar con valores y compasi\u00f3n\u201d, se\u00f1al\u00f3.<br>Esta sinergia promover\u00e1 programas con enfoque integral que contribuyan al Crecimiento Equitativo que ha propuesto la Presidenta Claudia Sheinbaum a trav\u00e9s de acciones solidarias y compasivas que provengan la violencia.<br>El Municipio de Escobedo va por una visi\u00f3n comunitaria que promueva valores 100 por ciento de Nuevo Le\u00f3n como lo es el cuidado colectivo, tejer comunidad y donde se pone al ser humano al centro.<br>Como primer paso en esta ruta de acci\u00f3n conjunta, este s\u00e1bado se llev\u00f3 a cabo el entrenamiento experiencial \u201cHumanizando el cambio con valores:<\/p>\n\n\n\n<p>Restaurando el Tejido Social Saludable y Compasivo\u201d, donde l\u00edderes vecinales, funcionarios y ciudadanos participaron activamente en din\u00e1micas de integraci\u00f3n, empat\u00eda y reflexi\u00f3n.<\/p>\n\n\n\n<figure class=\"wp-block-image size-large\"><img loading=\"lazy\" decoding=\"async\" width=\"1024\" height=\"683\" src=\"https:\/\/diariodigitalmx.com\/wp-content\/uploads\/2025\/06\/Q9A3914A-1024x683.jpg\" alt=\"\" class=\"wp-image-136612\" srcset=\"https:\/\/diariodigitalmx.com\/wp-content\/uploads\/2025\/06\/Q9A3914A-1024x683.jpg 1024w, https:\/\/diariodigitalmx.com\/wp-content\/uploads\/2025\/06\/Q9A3914A-300x200.jpg 300w, https:\/\/diariodigitalmx.com\/wp-content\/uploads\/2025\/06\/Q9A3914A-768x512.jpg 768w, https:\/\/diariodigitalmx.com\/wp-content\/uploads\/2025\/06\/Q9A3914A-1536x1024.jpg 1536w, https:\/\/diariodigitalmx.com\/wp-content\/uploads\/2025\/06\/Q9A3914A-2048x1365.jpg 2048w\" sizes=\"(max-width: 1024px) 100vw, 1024px\" \/><\/figure>\n\n\n\n<p>Por su parte, la Presidenta del Encuentro Mundial de Valores, Cristina Gonz\u00e1lez Par\u00e1s agradeci\u00f3 la colaboraci\u00f3n signada.<br>\u201cEstamos agradecidos con Escobedo, agradecidos con Andr\u00e9s Mijes por querer volver a participar con esto y que su Municipio tenga la fuerza y el poder que se requiere para poder lograr que nuestros ciudadanos sean responsables e importantes colabores por la paz en el Municipio\u201d, expres\u00f3.<br>A trav\u00e9s de este acuerdo desde la 4T Norte\u00f1a donde se fusiona el nuevo humanismo mexicano con lo mejor del industrialismo social regiomontano se promover\u00e1 la campa\u00f1a \u201cNL x la Compasi\u00f3n\u201d para que el Gobierno junto a los ciudadanos trabajen de la mano para alcanzar bienestar social.<br>Con la firma de este convenio, Escobedo reafirma su compromiso de seguir construyendo alianzas estrat\u00e9gicas que fortalezcan la cohesi\u00f3n social, promuevan la paz y generen entornos seguros, solidarios y justos para todas las familias.<\/p>\n","protected":false},"excerpt":{"rendered":"<p>Con una visi\u00f3n compartida de transformaci\u00f3n social, el Municipio de Escobedo y el Encuentro Mundial de Valores firmaron un convenio para trabajar juntos en la restauraci\u00f3n del tejido social, impulsando estrategias integrales que fortalezcan los valores, la comunidad y la empat\u00eda.El acuerdo fue formalizado por el Alcalde Andr\u00e9s Mijes Llovera y la Presidenta del Encuentro [&hellip;]<\/p>\n","protected":false},"author":1,"featured_media":136610,"comment_status":"open","ping_status":"open","sticky":false,"template":"","format":"standard","meta":{"footnotes":""},"categories":[6],"tags":[],"_links":{"self":[{"href":"https:\/\/diariodigitalmx.com\/index.php\/wp-json\/wp\/v2\/posts\/136598"}],"collection":[{"href":"https:\/\/diariodigitalmx.com\/index.php\/wp-json\/wp\/v2\/posts"}],"about":[{"href":"https:\/\/diariodigitalmx.com\/index.php\/wp-json\/wp\/v2\/types\/post"}],"author":[{"embeddable":true,"href":"https:\/\/diariodigitalmx.com\/index.php\/wp-json\/wp\/v2\/users\/1"}],"replies":[{"embeddable":true,"href":"https:\/\/diariodigitalmx.com\/index.php\/wp-json\/wp\/v2\/comments?post=136598"}],"version-history":[{"count":3,"href":"https:\/\/diariodigitalmx.com\/index.php\/wp-json\/wp\/v2\/posts\/136598\/revisions"}],"predecessor-version":[{"id":136615,"href":"https:\/\/diariodigitalmx.com\/index.php\/wp-json\/wp\/v2\/posts\/136598\/revisions\/136615"}],"wp:featuredmedia":[{"embeddable":true,"href":"https:\/\/diariodigitalmx.com\/index.php\/wp-json\/wp\/v2\/media\/136610"}],"wp:attachment":[{"href":"https:\/\/diariodigitalmx.com\/index.php\/wp-json\/wp\/v2\/media?parent=136598"}],"wp:term":[{"taxonomy":"category","embeddable":true,"href":"https:\/\/diariodigitalmx.com\/index.php\/wp-json\/wp\/v2\/categories?post=136598"},{"taxonomy":"post_tag","embeddable":true,"href":"https:\/\/diariodigitalmx.com\/index.php\/wp-json\/wp\/v2\/tags?post=136598"}],"curies":[{"name":"wp","href":"https:\/\/api.w.org\/{rel}","templated":true}]}}