{"id":136648,"date":"2025-06-23T14:44:10","date_gmt":"2025-06-23T20:44:10","guid":{"rendered":"https:\/\/diariodigitalmx.com\/?p=136648"},"modified":"2025-06-23T14:49:23","modified_gmt":"2025-06-23T20:49:23","slug":"apoya-gobierno-de-nl-semana-laboral-de-40-horas-y-ofrece-incentivos-economicos-a-empresarios-que-se-sumen-a-ella","status":"publish","type":"post","link":"https:\/\/diariodigitalmx.com\/index.php\/2025\/06\/23\/apoya-gobierno-de-nl-semana-laboral-de-40-horas-y-ofrece-incentivos-economicos-a-empresarios-que-se-sumen-a-ella\/","title":{"rendered":"Apoya gobierno de NL semana laboral de 40 horas y ofrece incentivos econ\u00f3micos a empresarios que se sumen a ella"},"content":{"rendered":"\n<p>Monterrey. &#8211;&nbsp; El gobernador de Nuevo Le\u00f3n, Samuel Garc\u00eda respald\u00f3 la implementaci\u00f3n de la semana laboral de 40 horas, pero, propuso que sea gradual y con incentivos fiscales a las empresas que se sumen a la propuesta.<\/p>\n\n\n\n<p>&#8220;Desde el Gobierno del Estado, se me ocurre que se proponga la creaci\u00f3n de una mesa de implementaci\u00f3n gradual de la jornada de 40 horas, y desde el Estado invitar a la Tesorer\u00eda para hacer un gran paquete de est\u00edmulos fiscales a aquellas empresas que le vayan entrando al m\u00e9todo\u201d, propuso durante el&nbsp;<strong>&#8220;Foro para la Implementaci\u00f3n de la Semana Laboral de 40 Horas&#8221;<\/strong>, realizado aqu\u00ed.<\/p>\n\n\n\n<p>De esta manera, explic\u00f3, se sumar\u00e1n la Tesorer\u00eda estatal y la Secretar\u00eda del Trabajo para ir perfilando apoyar a todas las empresas que se sumen a este esfuerzo que ayudar\u00e1 a los trabajadores.<\/p>\n\n\n\n<p>&#8220;Aquellas empresas de Nuevo Le\u00f3n que ayuden al Estado y la Federaci\u00f3n a implementar el esquema de 40 horas, tengan beneficios fiscales para compensar ese costo que les puede repercutir de, por ejemplo, ya no trabajar los s\u00e1bados las horas extras&#8221;, abund\u00f3 el gobernador de Nuevo Le\u00f3n.<\/p>\n\n\n\n<p>Considera que, para no afectar la econom\u00eda, la reforma laboral de 40 horas a la semana tiene que plantearse en una aplicaci\u00f3n gradual, a la vez que, se otorguen incentivos fiscales a las empresas que se vayan sumando, pero, antes solicit\u00f3 un consenso entre los factores de la producci\u00f3n.<\/p>\n\n\n\n<p>\u201cUn consenso entre industrias, patronos, sindicatos y trabajadores para que no se distorsione la econom\u00eda que hoy tiene Nuevo Le\u00f3n, por ello, debe ser gradual\u201d, a\u00f1adi\u00f3.<\/p>\n\n\n\n<figure class=\"wp-block-image size-large\"><img loading=\"lazy\" decoding=\"async\" width=\"1024\" height=\"768\" src=\"https:\/\/diariodigitalmx.com\/wp-content\/uploads\/2025\/06\/IMG-20250623-WA0110-1024x768.jpg\" alt=\"\" class=\"wp-image-136652\" srcset=\"https:\/\/diariodigitalmx.com\/wp-content\/uploads\/2025\/06\/IMG-20250623-WA0110-1024x768.jpg 1024w, https:\/\/diariodigitalmx.com\/wp-content\/uploads\/2025\/06\/IMG-20250623-WA0110-300x225.jpg 300w, https:\/\/diariodigitalmx.com\/wp-content\/uploads\/2025\/06\/IMG-20250623-WA0110-768x576.jpg 768w, https:\/\/diariodigitalmx.com\/wp-content\/uploads\/2025\/06\/IMG-20250623-WA0110-1536x1152.jpg 1536w, https:\/\/diariodigitalmx.com\/wp-content\/uploads\/2025\/06\/IMG-20250623-WA0110.jpg 1600w\" sizes=\"(max-width: 1024px) 100vw, 1024px\" \/><\/figure>\n\n\n\n<p>&#8220;Una reforma de tan gran calado como esta, debe ser consensuada con industrias, patronos, sindicatos, porque queremos darle una mejor vida, una vida digna y los que son obreros tengan m\u00e1s tiempo y recreaci\u00f3n, de trabajo, de estudios, de ocio&#8221;, sostuvo.<\/p>\n\n\n\n<p>Cuando el trabajador esta descansado tiene tiempo para su familia, es mucho m\u00e1s productiva la industria, el negocio; bienvenida la semana laboral, que sea gradual, que demos incentivos y que puedan compensar los empresarios que se metan de lleno, insisti\u00f3 al destacar que se trata de una justicia anhelada.<\/p>\n\n\n\n<p>En su mensaje, el Secretario del Trabajo y Previsi\u00f3n Social Marath Baruch Bola\u00f1os L\u00f3pez subray\u00f3 que el prop\u00f3sito fundamental de estas reuniones es definir de manera colaborativa un conjunto de premisas que sirvan como base para el plan de implementaci\u00f3n gradual, uno de los puntos b\u00e1sicos de gobierno dentro de los compromisos que estableci\u00f3 la Presidenta de M\u00e9xico en el segundo piso de la transformaci\u00f3n.<\/p>\n\n\n\n<p>Enfatiz\u00f3 los beneficios comprobados de la reducci\u00f3n de la jornada laboral, tanto en la salud y bienestar de las personas trabajadoras como en el incremento de la productividad: \u201cReducir la jornada puede generar incrementos en la productividad a trav\u00e9s de diversos mecanismos: la disminuci\u00f3n de la fatiga, de los errores, de los accidentes, del ausentismo y los conflictos entre la vida personal y laboral\u201d, dijo, citando estudios de la Organizaci\u00f3n Internacional del Trabajo (OIT).<\/p>\n\n\n\n<p>Reiter\u00f3 que esta transformaci\u00f3n se realizar\u00e1 de manera gradual y con base en el di\u00e1logo. El gobierno de M\u00e9xico continuar\u00e1 escuchando a todos los sectores para garantizar que esta medida hist\u00f3rica sea exitosa y refleje el anhelo de millones de personas por una vida laboral m\u00e1s digna.<\/p>\n","protected":false},"excerpt":{"rendered":"<p>Monterrey. &#8211;&nbsp; El gobernador de Nuevo Le\u00f3n, Samuel Garc\u00eda respald\u00f3 la implementaci\u00f3n de la semana laboral de 40 horas, pero, propuso que sea gradual y con incentivos fiscales a las empresas que se sumen a la propuesta. &#8220;Desde el Gobierno del Estado, se me ocurre que se proponga la creaci\u00f3n de una mesa de implementaci\u00f3n [&hellip;]<\/p>\n","protected":false},"author":1,"featured_media":136650,"comment_status":"open","ping_status":"open","sticky":false,"template":"","format":"standard","meta":{"footnotes":""},"categories":[14,6],"tags":[],"_links":{"self":[{"href":"https:\/\/diariodigitalmx.com\/index.php\/wp-json\/wp\/v2\/posts\/136648"}],"collection":[{"href":"https:\/\/diariodigitalmx.com\/index.php\/wp-json\/wp\/v2\/posts"}],"about":[{"href":"https:\/\/diariodigitalmx.com\/index.php\/wp-json\/wp\/v2\/types\/post"}],"author":[{"embeddable":true,"href":"https:\/\/diariodigitalmx.com\/index.php\/wp-json\/wp\/v2\/users\/1"}],"replies":[{"embeddable":true,"href":"https:\/\/diariodigitalmx.com\/index.php\/wp-json\/wp\/v2\/comments?post=136648"}],"version-history":[{"count":2,"href":"https:\/\/diariodigitalmx.com\/index.php\/wp-json\/wp\/v2\/posts\/136648\/revisions"}],"predecessor-version":[{"id":136653,"href":"https:\/\/diariodigitalmx.com\/index.php\/wp-json\/wp\/v2\/posts\/136648\/revisions\/136653"}],"wp:featuredmedia":[{"embeddable":true,"href":"https:\/\/diariodigitalmx.com\/index.php\/wp-json\/wp\/v2\/media\/136650"}],"wp:attachment":[{"href":"https:\/\/diariodigitalmx.com\/index.php\/wp-json\/wp\/v2\/media?parent=136648"}],"wp:term":[{"taxonomy":"category","embeddable":true,"href":"https:\/\/diariodigitalmx.com\/index.php\/wp-json\/wp\/v2\/categories?post=136648"},{"taxonomy":"post_tag","embeddable":true,"href":"https:\/\/diariodigitalmx.com\/index.php\/wp-json\/wp\/v2\/tags?post=136648"}],"curies":[{"name":"wp","href":"https:\/\/api.w.org\/{rel}","templated":true}]}}