{"id":136654,"date":"2025-06-23T18:50:49","date_gmt":"2025-06-24T00:50:49","guid":{"rendered":"https:\/\/diariodigitalmx.com\/?p=136654"},"modified":"2025-06-23T18:58:56","modified_gmt":"2025-06-24T00:58:56","slug":"alto-al-fuego-acuerdan-israel-e-iran","status":"publish","type":"post","link":"https:\/\/diariodigitalmx.com\/index.php\/2025\/06\/23\/alto-al-fuego-acuerdan-israel-e-iran\/","title":{"rendered":"Alto al fuego, acuerdan Israel e Ir\u00e1n"},"content":{"rendered":"\n<p>Alto al fuego total acordaron Israel e Ir\u00e1n, seg\u00fan inform\u00f3 el presidente de Estados Unidos, Donald Trump.<\/p>\n\n\n\n<p>A trav\u00e9s de su&nbsp;<strong>red social Truth Social<\/strong>, dijo que&nbsp;<strong>este cese se efectuar\u00e1 en aproximadamente seis horas<\/strong>&nbsp;cuando Israel e Ir\u00e1n \u201chayan completado sus misiones finales en curso\u201d.<\/p>\n\n\n\n<p>E<strong>l alto al fuego se mantendr\u00e1 durante 12 horas<\/strong>, tiempo tras el cual que se considerar\u00e1 que la guerra entre ambos pa\u00edses habr\u00e1 terminado.<\/p>\n\n\n\n<p>\u201c\u00a1ENHORABUENA A TODOS! Israel e Ir\u00e1n han acordado plenamente que habr\u00e1 un ALTO EL FUEGO total (en aproximadamente seis horas, cuando ambos pa\u00edses hayan completado sus misiones finales), durante doce horas, momento en el cual se considerar\u00e1 que la guerra habr\u00e1 TERMINADO\u201d, escribi\u00f3.<\/p>\n\n\n\n<p>&nbsp;\u201cOficialmente Ir\u00e1n iniciar\u00e1 el alto el fuego\u201d y 12 horas despu\u00e9s lo comenzar\u00e1 Israel, de modo que en unas 24 horas \u201cel mundo anunciar\u00e1 oficialmente el FIN DE LA GUERRA DE LOS 12 D\u00cdAS\u201d.<\/p>\n\n\n\n<p>\u201cSuponiendo que todo vaya como deber\u00eda, y as\u00ed ser\u00e1, felicito a ambos pa\u00edses, Israel e Ir\u00e1n, por su resistencia, coraje e inteligencia para poner fin a lo que deber\u00eda llamarse \u2018LA GUERRA DE LOS 12 D\u00cdAS\u2019\u201d, a\u00f1adi\u00f3 Trump.<\/p>\n\n\n\n<p>\u201cEsta es una guerra que podr\u00eda haber durado a\u00f1os y destruido todo Oriente Medio, pero no lo hizo, \u00a1y nunca lo har\u00e1! \u00a1Que Dios bendiga a Israel, que Dios bendiga a Ir\u00e1n, que Dios bendiga a Oriente Medio, que Dios bendiga a Estados Unidos de Am\u00e9rica y que Dios bendiga al mundo!\u201d, expuso en su red social.<\/p>\n","protected":false},"excerpt":{"rendered":"<p>Alto al fuego total acordaron Israel e Ir\u00e1n, seg\u00fan inform\u00f3 el presidente de Estados Unidos, Donald Trump. A trav\u00e9s de su&nbsp;red social Truth Social, dijo que&nbsp;este cese se efectuar\u00e1 en aproximadamente seis horas&nbsp;cuando Israel e Ir\u00e1n \u201chayan completado sus misiones finales en curso\u201d. El alto al fuego se mantendr\u00e1 durante 12 horas, tiempo tras el [&hellip;]<\/p>\n","protected":false},"author":1,"featured_media":136656,"comment_status":"open","ping_status":"open","sticky":false,"template":"","format":"standard","meta":{"footnotes":""},"categories":[4,3,5],"tags":[],"_links":{"self":[{"href":"https:\/\/diariodigitalmx.com\/index.php\/wp-json\/wp\/v2\/posts\/136654"}],"collection":[{"href":"https:\/\/diariodigitalmx.com\/index.php\/wp-json\/wp\/v2\/posts"}],"about":[{"href":"https:\/\/diariodigitalmx.com\/index.php\/wp-json\/wp\/v2\/types\/post"}],"author":[{"embeddable":true,"href":"https:\/\/diariodigitalmx.com\/index.php\/wp-json\/wp\/v2\/users\/1"}],"replies":[{"embeddable":true,"href":"https:\/\/diariodigitalmx.com\/index.php\/wp-json\/wp\/v2\/comments?post=136654"}],"version-history":[{"count":1,"href":"https:\/\/diariodigitalmx.com\/index.php\/wp-json\/wp\/v2\/posts\/136654\/revisions"}],"predecessor-version":[{"id":136655,"href":"https:\/\/diariodigitalmx.com\/index.php\/wp-json\/wp\/v2\/posts\/136654\/revisions\/136655"}],"wp:featuredmedia":[{"embeddable":true,"href":"https:\/\/diariodigitalmx.com\/index.php\/wp-json\/wp\/v2\/media\/136656"}],"wp:attachment":[{"href":"https:\/\/diariodigitalmx.com\/index.php\/wp-json\/wp\/v2\/media?parent=136654"}],"wp:term":[{"taxonomy":"category","embeddable":true,"href":"https:\/\/diariodigitalmx.com\/index.php\/wp-json\/wp\/v2\/categories?post=136654"},{"taxonomy":"post_tag","embeddable":true,"href":"https:\/\/diariodigitalmx.com\/index.php\/wp-json\/wp\/v2\/tags?post=136654"}],"curies":[{"name":"wp","href":"https:\/\/api.w.org\/{rel}","templated":true}]}}