{"id":136669,"date":"2025-06-24T13:18:02","date_gmt":"2025-06-24T19:18:02","guid":{"rendered":"https:\/\/diariodigitalmx.com\/?p=136669"},"modified":"2025-06-24T13:46:10","modified_gmt":"2025-06-24T19:46:10","slug":"es-escobedo-ejemplo-de-ciudad-de-aprendizaje-asume-mijes-presidencia-de-red-nacional","status":"publish","type":"post","link":"https:\/\/diariodigitalmx.com\/index.php\/2025\/06\/24\/es-escobedo-ejemplo-de-ciudad-de-aprendizaje-asume-mijes-presidencia-de-red-nacional\/","title":{"rendered":"Es Escobedo ejemplo de Ciudad de aprendizaje: asume Mijes presidencia de Red Nacional"},"content":{"rendered":"\n<p>Escobedo reafirma su papel como l\u00edder nacional en educaci\u00f3n al ser nombrado el Alcalde Andr\u00e9s Mijes como Vicepresidente de la Red de Ciudades del Aprendizaje de M\u00e9xico, responsabilidad que asume con la meta de impulsar un crecimiento equitativo basado en el conocimiento.<br>Este nombramiento posiciona nuevamente a Escobedo como una ciudad comprometida con el desarrollo social sostenible, donde la educaci\u00f3n, la capacitaci\u00f3n y la innovaci\u00f3n no solo son pol\u00edticas p\u00fablicas, sino una v\u00eda directa para cerrar brechas y generar bienestar.<\/p>\n\n\n\n<figure class=\"wp-block-image size-large\"><img loading=\"lazy\" decoding=\"async\" width=\"1024\" height=\"681\" src=\"https:\/\/diariodigitalmx.com\/wp-content\/uploads\/2025\/06\/5100519813326941577-1024x681.jpg\" alt=\"\" class=\"wp-image-136675\" srcset=\"https:\/\/diariodigitalmx.com\/wp-content\/uploads\/2025\/06\/5100519813326941577-1024x681.jpg 1024w, https:\/\/diariodigitalmx.com\/wp-content\/uploads\/2025\/06\/5100519813326941577-300x199.jpg 300w, https:\/\/diariodigitalmx.com\/wp-content\/uploads\/2025\/06\/5100519813326941577-768x511.jpg 768w, https:\/\/diariodigitalmx.com\/wp-content\/uploads\/2025\/06\/5100519813326941577.jpg 1280w\" sizes=\"(max-width: 1024px) 100vw, 1024px\" \/><\/figure>\n\n\n\n<p>Durante la instalaci\u00f3n del Consejo General de la Ciudad del Aprendizaje, el Edil tom\u00f3 protesta a sus integrantes y se\u00f1al\u00f3 que a trav\u00e9s del impulso de la educaci\u00f3n se pude compartir prosperidad.<br>\u201c\u00danicamente una comunidad comprometida con el aprendizaje puede generar el crecimiento econ\u00f3mico y social que haga posible el bienestar duradero, por eso es tan importante la participaci\u00f3n de nuestra joven metr\u00f3poli en las Ciudades del Aprendizaje\u201d, expres\u00f3 Mijes.<br>En este espacio, el Edil present\u00f3 un ambicioso plan de trabajo basado en cinco ejes rectores, orientados a llevar el aprendizaje a todos los sectores de la poblaci\u00f3n.<\/p>\n\n\n\n<figure class=\"wp-block-image size-large\"><img loading=\"lazy\" decoding=\"async\" width=\"1024\" height=\"683\" src=\"https:\/\/diariodigitalmx.com\/wp-content\/uploads\/2025\/06\/Q9A4274-1024x683.jpg\" alt=\"\" class=\"wp-image-136677\" srcset=\"https:\/\/diariodigitalmx.com\/wp-content\/uploads\/2025\/06\/Q9A4274-1024x683.jpg 1024w, https:\/\/diariodigitalmx.com\/wp-content\/uploads\/2025\/06\/Q9A4274-300x200.jpg 300w, https:\/\/diariodigitalmx.com\/wp-content\/uploads\/2025\/06\/Q9A4274-768x512.jpg 768w, https:\/\/diariodigitalmx.com\/wp-content\/uploads\/2025\/06\/Q9A4274-1536x1024.jpg 1536w, https:\/\/diariodigitalmx.com\/wp-content\/uploads\/2025\/06\/Q9A4274-2048x1365.jpg 2048w\" sizes=\"(max-width: 1024px) 100vw, 1024px\" \/><\/figure>\n\n\n\n<p>Entre las principales acciones destacan la creaci\u00f3n de laboratorios de buenas pr\u00e1cticas, la implementaci\u00f3n de un banco de estrategias y modelos de gesti\u00f3n, la instalaci\u00f3n de un centro de formaci\u00f3n para servidores p\u00fablicos, y un sistema permanente de evaluaci\u00f3n y monitoreo.<br>Escobedo ha sido reconocida como Ciudad del Aprendizaje por su impulso constante a la educaci\u00f3n formal y no formal, creando oportunidades para que cada ciudadano acceda a conocimientos \u00fatiles y transformadores a lo largo de toda su vida.<br>\u201cSi hay un lugar donde el aprendizaje s\u00ed va a encontrar un nicho para detonar todo su potencial, es en el Norte, es en Nuevo Le\u00f3n\u201d, declar\u00f3 el Alcalde.<\/p>\n\n\n\n<figure class=\"wp-block-image size-large\"><img loading=\"lazy\" decoding=\"async\" width=\"1024\" height=\"681\" src=\"https:\/\/diariodigitalmx.com\/wp-content\/uploads\/2025\/06\/5100519813326941586-1024x681.jpg\" alt=\"\" class=\"wp-image-136678\" srcset=\"https:\/\/diariodigitalmx.com\/wp-content\/uploads\/2025\/06\/5100519813326941586-1024x681.jpg 1024w, https:\/\/diariodigitalmx.com\/wp-content\/uploads\/2025\/06\/5100519813326941586-300x199.jpg 300w, https:\/\/diariodigitalmx.com\/wp-content\/uploads\/2025\/06\/5100519813326941586-768x511.jpg 768w, https:\/\/diariodigitalmx.com\/wp-content\/uploads\/2025\/06\/5100519813326941586.jpg 1280w\" sizes=\"(max-width: 1024px) 100vw, 1024px\" \/><\/figure>\n\n\n\n<p>Con esta agenda, el Gobierno Municipal busca ofrecer a los escobedenses un entorno donde aprender sin barreras sea una realidad cotidiana, fortaleciendo sus habilidades y apostando por una ciudad m\u00e1s justa, productiva e inclusiva.<br>El liderazgo de Escobedo se alinear\u00e1 con los lineamientos nacionales encabezados por la Presidenta Claudia Sheinbaum, para construir una red de ciudades comprometidas con el desarrollo integral a trav\u00e9s del aprendizaje como motor de transformaci\u00f3n social.<br>Desde el norte del pa\u00eds, Escobedo se consolida como referente del nuevo modelo de ciudad que pone a la educaci\u00f3n en el centro de su estrategia de bienestar, demostrando que el aprendizaje puede y debe ser el eje de la prosperidad compartida.<br>Este consejo estar\u00e1 integrado por la Presidenta del DIF, Yesica Torres; Jorge Fern\u00e1ndez Guti\u00e9rrez, Rector de la Universidad Tecnol\u00f3gica Escobedo; \u00c1ngel Cas\u00e1n Marcos, de la Universidad Regiomontana, as\u00ed como empresarios de la localidad y funcionarios p\u00fablicos municipales.<br>Durante el evento se cont\u00f3 con la participaci\u00f3n de Ra\u00fal Vald\u00e9s Cotera, Director de la Red Mundial de Ciudades del Aprendizaje de la UNESCO; Luis Gonz\u00e1lez, Coordinador Ejecutivo de la Red de Ciudades del<br>Aprendizaje de M\u00e9xico y Hugo Espiricueta, Secretario de Cultura, Educaci\u00f3n y Recreaci\u00f3n Social de Escobedo.<\/p>\n","protected":false},"excerpt":{"rendered":"<p>Escobedo reafirma su papel como l\u00edder nacional en educaci\u00f3n al ser nombrado el Alcalde Andr\u00e9s Mijes como Vicepresidente de la Red de Ciudades del Aprendizaje de M\u00e9xico, responsabilidad que asume con la meta de impulsar un crecimiento equitativo basado en el conocimiento.Este nombramiento posiciona nuevamente a Escobedo como una ciudad comprometida con el desarrollo social [&hellip;]<\/p>\n","protected":false},"author":1,"featured_media":136674,"comment_status":"open","ping_status":"open","sticky":false,"template":"","format":"standard","meta":{"footnotes":""},"categories":[6],"tags":[],"_links":{"self":[{"href":"https:\/\/diariodigitalmx.com\/index.php\/wp-json\/wp\/v2\/posts\/136669"}],"collection":[{"href":"https:\/\/diariodigitalmx.com\/index.php\/wp-json\/wp\/v2\/posts"}],"about":[{"href":"https:\/\/diariodigitalmx.com\/index.php\/wp-json\/wp\/v2\/types\/post"}],"author":[{"embeddable":true,"href":"https:\/\/diariodigitalmx.com\/index.php\/wp-json\/wp\/v2\/users\/1"}],"replies":[{"embeddable":true,"href":"https:\/\/diariodigitalmx.com\/index.php\/wp-json\/wp\/v2\/comments?post=136669"}],"version-history":[{"count":3,"href":"https:\/\/diariodigitalmx.com\/index.php\/wp-json\/wp\/v2\/posts\/136669\/revisions"}],"predecessor-version":[{"id":136682,"href":"https:\/\/diariodigitalmx.com\/index.php\/wp-json\/wp\/v2\/posts\/136669\/revisions\/136682"}],"wp:featuredmedia":[{"embeddable":true,"href":"https:\/\/diariodigitalmx.com\/index.php\/wp-json\/wp\/v2\/media\/136674"}],"wp:attachment":[{"href":"https:\/\/diariodigitalmx.com\/index.php\/wp-json\/wp\/v2\/media?parent=136669"}],"wp:term":[{"taxonomy":"category","embeddable":true,"href":"https:\/\/diariodigitalmx.com\/index.php\/wp-json\/wp\/v2\/categories?post=136669"},{"taxonomy":"post_tag","embeddable":true,"href":"https:\/\/diariodigitalmx.com\/index.php\/wp-json\/wp\/v2\/tags?post=136669"}],"curies":[{"name":"wp","href":"https:\/\/api.w.org\/{rel}","templated":true}]}}