{"id":136759,"date":"2025-06-26T07:39:40","date_gmt":"2025-06-26T13:39:40","guid":{"rendered":"https:\/\/diariodigitalmx.com\/?p=136759"},"modified":"2025-06-26T07:49:02","modified_gmt":"2025-06-26T13:49:02","slug":"va-de-nuevo","status":"publish","type":"post","link":"https:\/\/diariodigitalmx.com\/index.php\/2025\/06\/26\/va-de-nuevo\/","title":{"rendered":"Va de nuevo"},"content":{"rendered":"\n<p>Ra\u00fal Guajardo Cant\u00fa <\/p>\n\n\n\n<p>En d\u00edas pasados se reunieron algunos de los alcaldes del \u00e1rea metropolitana de Monterrey, AMM, con el gobernador del estado para revivir la mesa de coordinaci\u00f3n pol\u00edtica que intenta resolver problemas comunes a los municipios que conforman el n\u00facleo poblacional de Nuevo Le\u00f3n.<\/p>\n\n\n\n<p>Cerca del 90% de los nuevoleoneses vivimos en el peque\u00f1o espacio compuesto por el AMM con todos los problemas que ello acarrea en cuestiones como contaminaci\u00f3n, movilidad, seguridad y no digamos servicios primarios.<\/p>\n\n\n\n<p>Si el AMM fuese un solo municipio ser\u00eda bastante dif\u00edcil de manejar por su tama\u00f1o, pero como est\u00e1 compuesta por m\u00e1s de 15 municipios, seg\u00fan la fuente que se consulte, ya imaginar\u00e1 usted la dificultad que se tiene para resolver los problemas comunes con tantas prioridades, criterios, aspiraciones pol\u00edticas, administraciones intervinientes y presupuestos distintos.<\/p>\n\n\n\n<p>Adem\u00e1s de lo anterior, hay que incluir un gobernador que tiene su propia agenda, su propio presupuesto y que, las m\u00e1s de las veces, citando al cl\u00e1sico, ni ve ni oye a los alcaldes que componen la mesa, en un ejercicio que llega a ser una especie de mon\u00f3logo colectivo.<\/p>\n\n\n\n<p>Desde nuestra perspectiva, por m\u00e1s autonom\u00eda municipal involucrada, deber\u00eda existir un plan maestro para el desarrollo del \u00e1rea metropolitana de Monterrey con un presupuesto central y una serie de proyectos de orden estatal que resuelvan problemas que afectan a todos los municipios, principalmente aquellos que tienen un crecimiento poblacional acelerado que no se ve correspondido con el presupuesto necesario.<\/p>\n\n\n\n<p>Deber\u00eda existir una especie de City Manager que tuviera a su cargo ese tipo de proyectos que no se vieran interrumpidos por las aspiraciones, proyectos o ambiciones personales de los alcaldes involucrados.<\/p>\n\n\n\n<p>Insistimos, estamos conscientes de la autonom\u00eda municipal pero, por encima de ella quiz\u00e1 deber\u00edan los pol\u00edticos poner las necesidades de los ciudadanos y pensar en resolver los problemas de nosotros, para quienes se supone que trabajan.<\/p>\n\n\n\n<p>Seg\u00fan los trascendidos, en la mesa el gobernador aplic\u00f3 su pol\u00edtica de siempre, hacer como que no escucha las peticiones y hablar solo de aquello que considera le favorecer\u00e1 en su futuro pol\u00edtico, si es que este existe, e ignorar los problemas que los alcaldes consideran m\u00e1s acuciantes para sus municipios, entre ellos el que fuera una de las banderas de campa\u00f1a de Samuel: la movilidad.<\/p>\n\n\n\n<p>Para desgracia de todos nosotros, las agendas personales de los involucrados en la mesa de coordinaci\u00f3n se ponen por encima de las necesidades de los ciudadanos, como si estas no existieran o no fueran importantes, como si el futuro pol\u00edtico de los gobernantes fuese el de nosotros.<\/p>\n\n\n\n<p>Si a todo ello le agregamos el hecho de que los partidos pol\u00edticos y sus dirigentes tienen sus propias agendas, no dudemos que nos apliquen la frase que utilizaba un amigo nuestro, viejo periodista que ya se nos adelant\u00f3 en el camino: \u201cestamos fregados todos ustedes\u201d.<\/p>\n\n\n\n<p>Esperemos que la mesa de coordinaci\u00f3n sea el primer paso para la soluci\u00f3n de nuestros problemas aunque, a como se ve, ser\u00e1 un di\u00e1logo entre sordos, pero va de nuevo y en caso dado exijamos nuestros derechos.<\/p>\n","protected":false},"excerpt":{"rendered":"<p>Ra\u00fal Guajardo Cant\u00fa En d\u00edas pasados se reunieron algunos de los alcaldes del \u00e1rea metropolitana de Monterrey, AMM, con el gobernador del estado para revivir la mesa de coordinaci\u00f3n pol\u00edtica que intenta resolver problemas comunes a los municipios que conforman el n\u00facleo poblacional de Nuevo Le\u00f3n. Cerca del 90% de los nuevoleoneses vivimos en el [&hellip;]<\/p>\n","protected":false},"author":1,"featured_media":135895,"comment_status":"open","ping_status":"open","sticky":false,"template":"","format":"standard","meta":{"footnotes":""},"categories":[12],"tags":[],"_links":{"self":[{"href":"https:\/\/diariodigitalmx.com\/index.php\/wp-json\/wp\/v2\/posts\/136759"}],"collection":[{"href":"https:\/\/diariodigitalmx.com\/index.php\/wp-json\/wp\/v2\/posts"}],"about":[{"href":"https:\/\/diariodigitalmx.com\/index.php\/wp-json\/wp\/v2\/types\/post"}],"author":[{"embeddable":true,"href":"https:\/\/diariodigitalmx.com\/index.php\/wp-json\/wp\/v2\/users\/1"}],"replies":[{"embeddable":true,"href":"https:\/\/diariodigitalmx.com\/index.php\/wp-json\/wp\/v2\/comments?post=136759"}],"version-history":[{"count":1,"href":"https:\/\/diariodigitalmx.com\/index.php\/wp-json\/wp\/v2\/posts\/136759\/revisions"}],"predecessor-version":[{"id":136760,"href":"https:\/\/diariodigitalmx.com\/index.php\/wp-json\/wp\/v2\/posts\/136759\/revisions\/136760"}],"wp:featuredmedia":[{"embeddable":true,"href":"https:\/\/diariodigitalmx.com\/index.php\/wp-json\/wp\/v2\/media\/135895"}],"wp:attachment":[{"href":"https:\/\/diariodigitalmx.com\/index.php\/wp-json\/wp\/v2\/media?parent=136759"}],"wp:term":[{"taxonomy":"category","embeddable":true,"href":"https:\/\/diariodigitalmx.com\/index.php\/wp-json\/wp\/v2\/categories?post=136759"},{"taxonomy":"post_tag","embeddable":true,"href":"https:\/\/diariodigitalmx.com\/index.php\/wp-json\/wp\/v2\/tags?post=136759"}],"curies":[{"name":"wp","href":"https:\/\/api.w.org\/{rel}","templated":true}]}}