{"id":136792,"date":"2025-06-27T09:44:22","date_gmt":"2025-06-27T15:44:22","guid":{"rendered":"https:\/\/diariodigitalmx.com\/?p=136792"},"modified":"2025-06-27T09:46:09","modified_gmt":"2025-06-27T15:46:09","slug":"generaciones-desorientadas-la-educacion-comienza-en-casa","status":"publish","type":"post","link":"https:\/\/diariodigitalmx.com\/index.php\/2025\/06\/27\/generaciones-desorientadas-la-educacion-comienza-en-casa\/","title":{"rendered":"Generaciones desorientadas; la educaci\u00f3n comienza en casa"},"content":{"rendered":"\n<p><strong>\u201cUn ni\u00f1o sin educaci\u00f3n es un ni\u00f1o perdido.\u201d \u2013 John F. Kennedy<\/strong><\/p>\n\n\n\n<p>Luz Mar\u00eda Ortiz Quintos<\/p>\n\n\n\n<p>Estamos a pocas semanas de concluir el ciclo escolar 2024-2025. Comienzan ya las ceremonias de graduaci\u00f3n en los distintos niveles de la educaci\u00f3n b\u00e1sica: preescolar, primaria y secundaria. En cada uno de estos eventos se refleja el esfuerzo significativo de alumnos, docentes y padres de familia para llegar a este momento tan especial.<\/p>\n\n\n\n<p>Son miles las historias de adversidad y superaci\u00f3n que las familias han logrado afrontar. En algunos casos, los estudiantes enfrentaron enfermedades; en otros, el desempleo de alguno de los padres o incluso la p\u00e9rdida de un ser querido. Cada situaci\u00f3n representa un desaf\u00edo que, al ser superado, da a\u00fan m\u00e1s valor al logro de concluir un nivel educativo.<\/p>\n\n\n\n<p>Por ello, este fin de curso y de nivel escolar merece un reconocimiento especial.<\/p>\n\n\n\n<p>Quiero felicitar a todos los involucrados en el sistema educativo por hacer posible este avance. A los padres y madres de familia, les reitero la importancia de continuar acompa\u00f1ando a sus hijos. Ellos necesitan no solo el apoyo econ\u00f3mico, sino tambi\u00e9n el respaldo emocional y moral. Sabemos que estar presentes en las actividades escolares requiere un gran esfuerzo, especialmente por las exigencias laborales que muchas veces dificultan el ausentarse del trabajo. Aun as\u00ed, para ni\u00f1os y j\u00f3venes, ver a su pap\u00e1 o mam\u00e1 en la escuela representa un respaldo invaluable.<\/p>\n\n\n\n<p>Tambi\u00e9n es digno de destacar que, en muchos casos, son los abuelos, t\u00edos u otros familiares quienes asisten a estos eventos. Su presencia es igualmente valiosa y significativa.<\/p>\n\n\n\n<p>Recordemos que la educaci\u00f3n comienza en casa. Es momento de retomar los valores: tratar a los dem\u00e1s con respeto, sin discriminaci\u00f3n de ning\u00fan tipo; usar un lenguaje apropiado y vestir de manera sencilla, pero digna.<\/p>\n\n\n\n<p>Hoy vemos a nuevas generaciones desorientadas por el uso excesivo de las redes sociales, cuyos contenidos, ideas y modas no siempre promueven el desarrollo humano, sino todo lo contrario.<\/p>\n\n\n\n<p>Deseamos que cada nivel educativo que los ni\u00f1os y j\u00f3venes concluyan represente un verdadero avance en conocimiento y formaci\u00f3n.<\/p>\n\n\n\n<p>Ser una persona educada se aprende en casa y queda grabado para toda la vida, como lo indica la psicolog\u00eda del desarrollo infantil.<\/p>\n","protected":false},"excerpt":{"rendered":"<p>\u201cUn ni\u00f1o sin educaci\u00f3n es un ni\u00f1o perdido.\u201d \u2013 John F. Kennedy Luz Mar\u00eda Ortiz Quintos Estamos a pocas semanas de concluir el ciclo escolar 2024-2025. Comienzan ya las ceremonias de graduaci\u00f3n en los distintos niveles de la educaci\u00f3n b\u00e1sica: preescolar, primaria y secundaria. En cada uno de estos eventos se refleja el esfuerzo significativo [&hellip;]<\/p>\n","protected":false},"author":1,"featured_media":136794,"comment_status":"open","ping_status":"open","sticky":false,"template":"","format":"standard","meta":{"footnotes":""},"categories":[12],"tags":[],"_links":{"self":[{"href":"https:\/\/diariodigitalmx.com\/index.php\/wp-json\/wp\/v2\/posts\/136792"}],"collection":[{"href":"https:\/\/diariodigitalmx.com\/index.php\/wp-json\/wp\/v2\/posts"}],"about":[{"href":"https:\/\/diariodigitalmx.com\/index.php\/wp-json\/wp\/v2\/types\/post"}],"author":[{"embeddable":true,"href":"https:\/\/diariodigitalmx.com\/index.php\/wp-json\/wp\/v2\/users\/1"}],"replies":[{"embeddable":true,"href":"https:\/\/diariodigitalmx.com\/index.php\/wp-json\/wp\/v2\/comments?post=136792"}],"version-history":[{"count":1,"href":"https:\/\/diariodigitalmx.com\/index.php\/wp-json\/wp\/v2\/posts\/136792\/revisions"}],"predecessor-version":[{"id":136793,"href":"https:\/\/diariodigitalmx.com\/index.php\/wp-json\/wp\/v2\/posts\/136792\/revisions\/136793"}],"wp:featuredmedia":[{"embeddable":true,"href":"https:\/\/diariodigitalmx.com\/index.php\/wp-json\/wp\/v2\/media\/136794"}],"wp:attachment":[{"href":"https:\/\/diariodigitalmx.com\/index.php\/wp-json\/wp\/v2\/media?parent=136792"}],"wp:term":[{"taxonomy":"category","embeddable":true,"href":"https:\/\/diariodigitalmx.com\/index.php\/wp-json\/wp\/v2\/categories?post=136792"},{"taxonomy":"post_tag","embeddable":true,"href":"https:\/\/diariodigitalmx.com\/index.php\/wp-json\/wp\/v2\/tags?post=136792"}],"curies":[{"name":"wp","href":"https:\/\/api.w.org\/{rel}","templated":true}]}}