{"id":136823,"date":"2025-06-28T11:23:55","date_gmt":"2025-06-28T17:23:55","guid":{"rendered":"https:\/\/diariodigitalmx.com\/?p=136823"},"modified":"2025-06-28T11:59:41","modified_gmt":"2025-06-28T17:59:41","slug":"los-angeles-envuelto-en-una-estrategia-presidencial","status":"publish","type":"post","link":"https:\/\/diariodigitalmx.com\/index.php\/2025\/06\/28\/los-angeles-envuelto-en-una-estrategia-presidencial\/","title":{"rendered":"Los \u00c1ngeles envuelto en una estrategia presidencial"},"content":{"rendered":"\n<p>Eleazar Fuentes Guti\u00e9rrez <br>Con las redadas de migrantes y las protestas de hispanos, lo que empez\u00f3 como una manifestaci\u00f3n se transform\u00f3 en un conflicto en el lugar m\u00e1s emblem\u00e1tico de California: Los \u00c1ngeles. Desde el punto de vista pol\u00edtico, esto suena m\u00e1s a una estrategia electoral proveniente de la Casa Blanca.<br>Aclaremos de d\u00f3nde emanan mi an\u00e1lisis y argumento: considero que es una estrategia porque es muy probable que, desde Washington, busquen provocar una crisis que les resulte beneficiosa, adem\u00e1s de enviar un mensaje de firmeza a los indocumentados. Lo m\u00e1s interesante es el mensaje que el gobierno federal manda a las autoridades locales: en pol\u00edtica, todo comunica.<br>El gobierno de California y el de Los \u00c1ngeles se han rehusado a cooperar con el gobierno federal en estas redadas.<\/p>\n\n\n\n<p>California y Los \u00c1ngeles son piezas clave en la pol\u00edtica estadounidense: son la reina en el ajedrez pol\u00edtico. No es casualidad que hayan elegido este estado y esta ciudad, que concentran la mayor cantidad de migrantes en todo Estados Unidos. Adem\u00e1s, son un basti\u00f3n dem\u00f3crata, gobernado por un pol\u00edtico con muchas posibilidades de ser el pr\u00f3ximo candidato presidencial en 2028, que enfrentar\u00e1 fuerte a la alternativa republicana de<br>Trump. Es muy probable que los dem\u00f3cratas regresen al poder en las pr\u00f3ximas elecciones.<br>Las redadas y detenciones del fin de semana pasado, frente a tiendas y comercios, se enfocaron en personas que s\u00f3lo trabajaban y viv\u00edan honestamente. Ellos realizan los trabajos que los ciudadanos estadounidenses no quieren, y ganan un salario menor. Todo esto no fue casualidad: en pol\u00edtica no hay coincidencias. Los lugares de detenci\u00f3n estaban planificados, anticipando que familiares y amigos se unir\u00edan a protestar.<br>Que hubiera presencia de mexicanos en las protestas no es fortuito: Los \u00c1ngeles es, despu\u00e9s de la Ciudad de M\u00e9xico, la segunda ciudad del mundo con m\u00e1s mexicanos.<\/p>\n\n\n\n<p>Tambi\u00e9n se evidenci\u00f3 la violencia que se gener\u00f3: no se justifica el vandalismo, los da\u00f1os a propiedad privada, los robos, etc. Es un tema muy complejo para las familias migrantes y da tristeza. Como mexicanos y latinos, no nos queda m\u00e1s que solidarizarnos con nuestros paisanos. En esta columna busco analizar este juego pol\u00edtico con miras electorales al 2028.<\/p>\n","protected":false},"excerpt":{"rendered":"<p>Eleazar Fuentes Guti\u00e9rrez Con las redadas de migrantes y las protestas de hispanos, lo que empez\u00f3 como una manifestaci\u00f3n se transform\u00f3 en un conflicto en el lugar m\u00e1s emblem\u00e1tico de California: Los \u00c1ngeles. Desde el punto de vista pol\u00edtico, esto suena m\u00e1s a una estrategia electoral proveniente de la Casa Blanca.Aclaremos de d\u00f3nde emanan mi [&hellip;]<\/p>\n","protected":false},"author":1,"featured_media":136845,"comment_status":"open","ping_status":"open","sticky":false,"template":"","format":"standard","meta":{"footnotes":""},"categories":[12],"tags":[],"_links":{"self":[{"href":"https:\/\/diariodigitalmx.com\/index.php\/wp-json\/wp\/v2\/posts\/136823"}],"collection":[{"href":"https:\/\/diariodigitalmx.com\/index.php\/wp-json\/wp\/v2\/posts"}],"about":[{"href":"https:\/\/diariodigitalmx.com\/index.php\/wp-json\/wp\/v2\/types\/post"}],"author":[{"embeddable":true,"href":"https:\/\/diariodigitalmx.com\/index.php\/wp-json\/wp\/v2\/users\/1"}],"replies":[{"embeddable":true,"href":"https:\/\/diariodigitalmx.com\/index.php\/wp-json\/wp\/v2\/comments?post=136823"}],"version-history":[{"count":2,"href":"https:\/\/diariodigitalmx.com\/index.php\/wp-json\/wp\/v2\/posts\/136823\/revisions"}],"predecessor-version":[{"id":136826,"href":"https:\/\/diariodigitalmx.com\/index.php\/wp-json\/wp\/v2\/posts\/136823\/revisions\/136826"}],"wp:featuredmedia":[{"embeddable":true,"href":"https:\/\/diariodigitalmx.com\/index.php\/wp-json\/wp\/v2\/media\/136845"}],"wp:attachment":[{"href":"https:\/\/diariodigitalmx.com\/index.php\/wp-json\/wp\/v2\/media?parent=136823"}],"wp:term":[{"taxonomy":"category","embeddable":true,"href":"https:\/\/diariodigitalmx.com\/index.php\/wp-json\/wp\/v2\/categories?post=136823"},{"taxonomy":"post_tag","embeddable":true,"href":"https:\/\/diariodigitalmx.com\/index.php\/wp-json\/wp\/v2\/tags?post=136823"}],"curies":[{"name":"wp","href":"https:\/\/api.w.org\/{rel}","templated":true}]}}