{"id":136833,"date":"2025-06-28T11:32:25","date_gmt":"2025-06-28T17:32:25","guid":{"rendered":"https:\/\/diariodigitalmx.com\/?p=136833"},"modified":"2025-06-28T12:09:03","modified_gmt":"2025-06-28T18:09:03","slug":"promueve-escobedo-liderazgo-juvenil-con-ejercicio-cabildo-por-un-dia","status":"publish","type":"post","link":"https:\/\/diariodigitalmx.com\/index.php\/2025\/06\/28\/promueve-escobedo-liderazgo-juvenil-con-ejercicio-cabildo-por-un-dia\/","title":{"rendered":"Promueve Escobedo liderazgo juvenil con ejercicio &#8220;Cabildo por un D\u00eda&#8221;"},"content":{"rendered":"\n<p>El Municipio de Escobedo realiz\u00f3 el ejercicio \u201cCabildo por un D\u00eda\u201d impulsado por estudiantes de la Facultad de Derecho y Criminolog\u00eda de la Universidad Aut\u00f3noma de Nuevo Le\u00f3n (UANL), para fortalecer la cultura c\u00edvica y pol\u00edtica entre j\u00f3venes.<br>La din\u00e1mica fue encabezada por el Alcalde Andr\u00e9s Mijes, quien destac\u00f3 la importancia de que los j\u00f3venes participen activamente en la toma de decisiones que impactan su entorno, reconociendo su inter\u00e9s por involucrarse en los asuntos p\u00fablicos y conocer c\u00f3mo funciona el Gobierno Municipal.<\/p>\n\n\n\n<figure class=\"wp-block-image size-large\"><img loading=\"lazy\" decoding=\"async\" width=\"1024\" height=\"683\" src=\"https:\/\/diariodigitalmx.com\/wp-content\/uploads\/2025\/06\/Q9A9894-1024x683.jpg\" alt=\"\" class=\"wp-image-136847\" srcset=\"https:\/\/diariodigitalmx.com\/wp-content\/uploads\/2025\/06\/Q9A9894-1024x683.jpg 1024w, https:\/\/diariodigitalmx.com\/wp-content\/uploads\/2025\/06\/Q9A9894-300x200.jpg 300w, https:\/\/diariodigitalmx.com\/wp-content\/uploads\/2025\/06\/Q9A9894-768x512.jpg 768w, https:\/\/diariodigitalmx.com\/wp-content\/uploads\/2025\/06\/Q9A9894-1536x1024.jpg 1536w, https:\/\/diariodigitalmx.com\/wp-content\/uploads\/2025\/06\/Q9A9894-2048x1365.jpg 2048w\" sizes=\"(max-width: 1024px) 100vw, 1024px\" \/><\/figure>\n\n\n\n<p>\u201cQu\u00e9 bueno que tienen el inter\u00e9s de participar y conocer c\u00f3mo funciona un Cabildo; es importante que ustedes, los j\u00f3venes, se interesen en las cosas p\u00fablicas, en el Gobierno, en lo que hace su Municipio, porque si algo le falta al pa\u00eds y a nuestros ciudadanos es cultura pol\u00edtica. Que ustedes aprendan lo que le compete a un Municipio, a un Estado, a la Federaci\u00f3n, los va a hacer conocedores\u201d, expres\u00f3 Mijes.<br>La sesi\u00f3n tambi\u00e9n fue presidida por Felipe Canales, Secretario del Ayuntamiento, y Jaime Zurricanday, Tesorero Municipal, quienes compartieron su experiencia y explicaron c\u00f3mo este \u00f3rgano colegiado trabaja para el bienestar de la comunidad.<\/p>\n\n\n\n<figure class=\"wp-block-image size-large\"><img loading=\"lazy\" decoding=\"async\" width=\"1024\" height=\"683\" src=\"https:\/\/diariodigitalmx.com\/wp-content\/uploads\/2025\/06\/Q9A9909-1024x683.jpg\" alt=\"\" class=\"wp-image-136849\" srcset=\"https:\/\/diariodigitalmx.com\/wp-content\/uploads\/2025\/06\/Q9A9909-1024x683.jpg 1024w, https:\/\/diariodigitalmx.com\/wp-content\/uploads\/2025\/06\/Q9A9909-300x200.jpg 300w, https:\/\/diariodigitalmx.com\/wp-content\/uploads\/2025\/06\/Q9A9909-768x512.jpg 768w, https:\/\/diariodigitalmx.com\/wp-content\/uploads\/2025\/06\/Q9A9909-1536x1024.jpg 1536w, https:\/\/diariodigitalmx.com\/wp-content\/uploads\/2025\/06\/Q9A9909-2048x1365.jpg 2048w\" sizes=\"(max-width: 1024px) 100vw, 1024px\" \/><\/figure>\n\n\n\n<p>\u201cCabildo por un D\u00eda\u201d es un ejercicio que fomenta la participaci\u00f3n juvenil y ofrece un espacio donde los j\u00f3venes pueden expresar sus inquietudes, plantear propuestas y reflexionar sobre c\u00f3mo ser parte activa en las acciones impulsadas por la 4T Norte\u00f1a para lograr un crecimiento m\u00e1s equitativo e incluyente.<br>Durante la jornada, los estudiantes abordaron temas clave como salud mental, impulso al deporte y la prevenci\u00f3n del abuso en el consumo de alcohol.<\/p>\n\n\n\n<p>Con este tipo de iniciativas, el Gobierno de Escobedo refrenda su compromiso por abrir espacios de participaci\u00f3n juvenil y promover una ciudadan\u00eda m\u00e1s informada, participativa y comprometida con su<br>comunidad.<\/p>\n","protected":false},"excerpt":{"rendered":"<p>El Municipio de Escobedo realiz\u00f3 el ejercicio \u201cCabildo por un D\u00eda\u201d impulsado por estudiantes de la Facultad de Derecho y Criminolog\u00eda de la Universidad Aut\u00f3noma de Nuevo Le\u00f3n (UANL), para fortalecer la cultura c\u00edvica y pol\u00edtica entre j\u00f3venes.La din\u00e1mica fue encabezada por el Alcalde Andr\u00e9s Mijes, quien destac\u00f3 la importancia de que los j\u00f3venes participen [&hellip;]<\/p>\n","protected":false},"author":1,"featured_media":136846,"comment_status":"open","ping_status":"open","sticky":false,"template":"","format":"standard","meta":{"footnotes":""},"categories":[6],"tags":[],"_links":{"self":[{"href":"https:\/\/diariodigitalmx.com\/index.php\/wp-json\/wp\/v2\/posts\/136833"}],"collection":[{"href":"https:\/\/diariodigitalmx.com\/index.php\/wp-json\/wp\/v2\/posts"}],"about":[{"href":"https:\/\/diariodigitalmx.com\/index.php\/wp-json\/wp\/v2\/types\/post"}],"author":[{"embeddable":true,"href":"https:\/\/diariodigitalmx.com\/index.php\/wp-json\/wp\/v2\/users\/1"}],"replies":[{"embeddable":true,"href":"https:\/\/diariodigitalmx.com\/index.php\/wp-json\/wp\/v2\/comments?post=136833"}],"version-history":[{"count":2,"href":"https:\/\/diariodigitalmx.com\/index.php\/wp-json\/wp\/v2\/posts\/136833\/revisions"}],"predecessor-version":[{"id":136850,"href":"https:\/\/diariodigitalmx.com\/index.php\/wp-json\/wp\/v2\/posts\/136833\/revisions\/136850"}],"wp:featuredmedia":[{"embeddable":true,"href":"https:\/\/diariodigitalmx.com\/index.php\/wp-json\/wp\/v2\/media\/136846"}],"wp:attachment":[{"href":"https:\/\/diariodigitalmx.com\/index.php\/wp-json\/wp\/v2\/media?parent=136833"}],"wp:term":[{"taxonomy":"category","embeddable":true,"href":"https:\/\/diariodigitalmx.com\/index.php\/wp-json\/wp\/v2\/categories?post=136833"},{"taxonomy":"post_tag","embeddable":true,"href":"https:\/\/diariodigitalmx.com\/index.php\/wp-json\/wp\/v2\/tags?post=136833"}],"curies":[{"name":"wp","href":"https:\/\/api.w.org\/{rel}","templated":true}]}}