{"id":136835,"date":"2025-06-28T11:39:19","date_gmt":"2025-06-28T17:39:19","guid":{"rendered":"https:\/\/diariodigitalmx.com\/?p=136835"},"modified":"2025-06-28T12:14:05","modified_gmt":"2025-06-28T18:14:05","slug":"jornada-de-ocho-horas-y-no-al-pago-de-impuestos-a-primeras-ocho-horas-celso-lugo","status":"publish","type":"post","link":"https:\/\/diariodigitalmx.com\/index.php\/2025\/06\/28\/jornada-de-ocho-horas-y-no-al-pago-de-impuestos-a-primeras-ocho-horas-celso-lugo\/","title":{"rendered":"Jornada de ocho horas y no al pago de impuestos a primeras ocho horas extras: Celso Lugo"},"content":{"rendered":"\n<p>Si bien, aplaudi\u00f3 la reducci\u00f3n de la jornada laboral al se\u00f1alar, que de concretarse el trabajador disfrutar\u00e1 m\u00e1s tiempo de esparcimiento familiar, el sindicalista Celso Lugo S\u00e1nchez propuso al gobierno federal exentar de impuestos el pago de las primeras ocho horas extras laboradas durante la semana, para evitar da\u00f1ar la econom\u00eda de las familias de la clase obrera.<\/p>\n\n\n\n<p>&nbsp; Lo anterior al considerar que con la entrada en vigor de la llamada &#8220;Jornada Laboral de 40 Horas&#8221; los empresarios van a necesitar contratar m\u00e1s tiempo para que sus empleados completen los procesos de producci\u00f3n o de prestaci\u00f3n de servicios en sus centros de trabajo.<\/p>\n\n\n\n<p>\u00a0 &#8220;Las 40 horas que\u00a0 est\u00e1n por implementarse, eso beneficia a la clase trabajadora. Eso nos lleva a acortar tiempos\u00a0 de ausentismo del trabajador para la familia . Entonces esa propuesta del gobierno la aplaudimos todos los trabajadores, estamos muy contentos, pues realmente se va hacer un esfuerzo conjunto entre el\u00a0 gobierno, los empresarios y los trabajadores para que la armon\u00eda familiar crezca&#8221;, expres\u00f3 Lugo S\u00e1nchez.<\/p>\n\n\n\n<figure class=\"wp-block-image size-large\"><img loading=\"lazy\" decoding=\"async\" width=\"1024\" height=\"763\" src=\"https:\/\/diariodigitalmx.com\/wp-content\/uploads\/2025\/06\/IMG-20250625-WA0304-1024x763.jpg\" alt=\"\" class=\"wp-image-136853\" srcset=\"https:\/\/diariodigitalmx.com\/wp-content\/uploads\/2025\/06\/IMG-20250625-WA0304-1024x763.jpg 1024w, https:\/\/diariodigitalmx.com\/wp-content\/uploads\/2025\/06\/IMG-20250625-WA0304-300x224.jpg 300w, https:\/\/diariodigitalmx.com\/wp-content\/uploads\/2025\/06\/IMG-20250625-WA0304-768x572.jpg 768w, https:\/\/diariodigitalmx.com\/wp-content\/uploads\/2025\/06\/IMG-20250625-WA0304.jpg 1204w\" sizes=\"(max-width: 1024px) 100vw, 1024px\" \/><\/figure>\n\n\n\n<p>&nbsp; Sin embargo, consider\u00f3 que uno de los aspectos que no se han contemplado en la disminuci\u00f3n de la jornada de trabajo, es el&nbsp; manejo fiscal en el pago de las horas extras.<\/p>\n\n\n\n<p>&nbsp; &#8220;Aqu\u00ed tenemos una situaci\u00f3n que no se ha puesto en las mesas de trabajo, todos los trabajadores por necesidad de la operaci\u00f3n han tenido que trabajar tiempos extras para sacar adelante la producci\u00f3n en todas las empresas del Estado y de la Rep\u00fablica Mexicana. Cu\u00e1l es la situaci\u00f3n que nosotros vemos como representantes de los trabajadores?, es que en cuanto a la cuesti\u00f3n fiscal no beneficia a la clase trabajadora&#8221;.<\/p>\n\n\n\n<p>&nbsp; &nbsp;&#8220;\u00bfPor qu\u00e9?, porque si ahorita por necesidad de la operaci\u00f3n, la empresa nos pide que nos quedemos tiempo extra y ese tiempo extra nos grava impuestos y por ese impuestos a fin de a\u00f1o nos hacen un ajuste y nos cobran otra vez un impuesto sobre el ajuste, eso afecta la econom\u00eda de los trabajadores &#8221; , explic\u00f3 el dirigente sindical.<\/p>\n\n\n\n<p>\u00a0 Entrevistado en exclusiva para Diario Digital, en su oficina del centro de Monterrey, Celso Lugo sugiri\u00f3 que para equilibrar el impacto econ\u00f3mico de la medida fiscal, las autoridades hacendarias , graven el 10 por ciento de impuestos al cobro de la novena hora extra trabajada a la semana.<\/p>\n\n\n\n<figure class=\"wp-block-image size-full\"><img loading=\"lazy\" decoding=\"async\" width=\"720\" height=\"591\" src=\"https:\/\/diariodigitalmx.com\/wp-content\/uploads\/2025\/06\/Screenshot_20250628_121046_Gallery-1.jpg\" alt=\"\" class=\"wp-image-136856\" srcset=\"https:\/\/diariodigitalmx.com\/wp-content\/uploads\/2025\/06\/Screenshot_20250628_121046_Gallery-1.jpg 720w, https:\/\/diariodigitalmx.com\/wp-content\/uploads\/2025\/06\/Screenshot_20250628_121046_Gallery-1-300x246.jpg 300w\" sizes=\"(max-width: 720px) 100vw, 720px\" \/><\/figure>\n\n\n\n<p>&nbsp; &#8220;La propuesta es muy sencilla -detall\u00f3- que&nbsp; las primeras ocho horas extras dobles por semana sean exentas de impuestos y a partir de la novena hora que se paga al triple, ah\u00ed si se cobre un impuesto del diez por ciento &#8220;, estim\u00f3.<\/p>\n\n\n\n<p>&nbsp; El dirigente sindical pidi\u00f3 que en las mesas de an\u00e1lisis&nbsp; sobre la Jornada de 40 horas anunciadas por la presidenta de M\u00e9xico, Claudia Sheimbaun Pardo a nivel nacional y en las del Estado que propuso el gobernador de Nuevo Le\u00f3n Samuel Garc\u00eda Sep\u00falveda se incluya como prioritario el tema fiscal en relaci\u00f3n al pago de las horas extras que habr\u00e1 de cumplir el trabajador.<\/p>\n","protected":false},"excerpt":{"rendered":"<p>Si bien, aplaudi\u00f3 la reducci\u00f3n de la jornada laboral al se\u00f1alar, que de concretarse el trabajador disfrutar\u00e1 m\u00e1s tiempo de esparcimiento familiar, el sindicalista Celso Lugo S\u00e1nchez propuso al gobierno federal exentar de impuestos el pago de las primeras ocho horas extras laboradas durante la semana, para evitar da\u00f1ar la econom\u00eda de las familias de [&hellip;]<\/p>\n","protected":false},"author":1,"featured_media":136851,"comment_status":"open","ping_status":"open","sticky":false,"template":"","format":"standard","meta":{"footnotes":""},"categories":[6,3,5],"tags":[],"_links":{"self":[{"href":"https:\/\/diariodigitalmx.com\/index.php\/wp-json\/wp\/v2\/posts\/136835"}],"collection":[{"href":"https:\/\/diariodigitalmx.com\/index.php\/wp-json\/wp\/v2\/posts"}],"about":[{"href":"https:\/\/diariodigitalmx.com\/index.php\/wp-json\/wp\/v2\/types\/post"}],"author":[{"embeddable":true,"href":"https:\/\/diariodigitalmx.com\/index.php\/wp-json\/wp\/v2\/users\/1"}],"replies":[{"embeddable":true,"href":"https:\/\/diariodigitalmx.com\/index.php\/wp-json\/wp\/v2\/comments?post=136835"}],"version-history":[{"count":3,"href":"https:\/\/diariodigitalmx.com\/index.php\/wp-json\/wp\/v2\/posts\/136835\/revisions"}],"predecessor-version":[{"id":136857,"href":"https:\/\/diariodigitalmx.com\/index.php\/wp-json\/wp\/v2\/posts\/136835\/revisions\/136857"}],"wp:featuredmedia":[{"embeddable":true,"href":"https:\/\/diariodigitalmx.com\/index.php\/wp-json\/wp\/v2\/media\/136851"}],"wp:attachment":[{"href":"https:\/\/diariodigitalmx.com\/index.php\/wp-json\/wp\/v2\/media?parent=136835"}],"wp:term":[{"taxonomy":"category","embeddable":true,"href":"https:\/\/diariodigitalmx.com\/index.php\/wp-json\/wp\/v2\/categories?post=136835"},{"taxonomy":"post_tag","embeddable":true,"href":"https:\/\/diariodigitalmx.com\/index.php\/wp-json\/wp\/v2\/tags?post=136835"}],"curies":[{"name":"wp","href":"https:\/\/api.w.org\/{rel}","templated":true}]}}