{"id":136921,"date":"2025-06-30T18:52:39","date_gmt":"2025-07-01T00:52:39","guid":{"rendered":"https:\/\/diariodigitalmx.com\/?p=136921"},"modified":"2025-06-30T18:58:56","modified_gmt":"2025-07-01T00:58:56","slug":"va-escobedo-a-blindar-soberania-nacional-con-ventanilla-digital-de-inversiones","status":"publish","type":"post","link":"https:\/\/diariodigitalmx.com\/index.php\/2025\/06\/30\/va-escobedo-a-blindar-soberania-nacional-con-ventanilla-digital-de-inversiones\/","title":{"rendered":"Va Escobedo a blindar soberan\u00eda nacional con ventanilla digital de inversiones"},"content":{"rendered":"\n<p>El Municipio de Escobedo reafirma su liderazgo como municipio visionario al integrarse a la Agencia de Transformaci\u00f3n Digital y Telecomunicaciones, posicion\u00e1ndose como un actor clave en la defensa de la soberan\u00eda nacional mediante la digitalizaci\u00f3n estrat\u00e9gica de tr\u00e1mites.<br>El Alcalde Andr\u00e9s Mijes firm\u00f3 este lunes un convenio de colaboraci\u00f3n con Crystel Arellano, Directora General de Simplificaci\u00f3n Administrativa de la Agencia de Transformaci\u00f3n Digital y Telecomunicaciones, junto a alcaldes del \u00e1rea metropolitana de Monterrey, sum\u00e1ndose al proyecto de la Ventanilla Nacional Digital de Inversiones.<br>En su intervenci\u00f3n, Mijes expres\u00f3 que este sistema digital busca facilitar la inversi\u00f3n y modernizar la atenci\u00f3n ciudadana, pero va m\u00e1s all\u00e1 al representar una herramienta clave para blindar la independencia<br>econ\u00f3mica y pol\u00edtica del pa\u00eds.<br>\u201cUna Ventanilla Nacional Digital que atraiga inversiones y genere empleos es hoy un elemento esencial para blindar la soberan\u00eda nacional que nuestra Presidenta ha defendido con determinaci\u00f3n. Un M\u00e9xico fuerte y soberano necesita gobiernos con visi\u00f3n digital y de Estado\u201d, declar\u00f3 Mijes.<br>El proyecto se enmarca en la estrategia de la 4T Norte\u00f1a, que ve en la transformaci\u00f3n digital un pilar para alcanzar el crecimiento equitativo y compartir prosperidad.<br>El Municipio ha construido un ecosistema digital que ya permite realizar m\u00e1s de 100 tr\u00e1mites 100% en l\u00ednea, incluyendo todos los procesos de Desarrollo Urbano, con firma y sello electr\u00f3nico, eliminando filas, traslados y corrupci\u00f3n.<\/p>\n\n\n\n<p>Adem\u00e1s, con brigadas digitales en colonias y negocios, Escobedo promueve una gobernanza cercana, incluyente y moderna gracias al modelo de Proximidad Digital.<\/p>\n\n\n\n<p>Este modelo ha convertido a Escobedo en referente estatal y nacional, alineado con la visi\u00f3n de la Presidenta Claudia Sheinbaum, donde la tecnolog\u00eda no es discurso, sino escudo y motor de transformaci\u00f3n.<br>Crystel Arellano destac\u00f3 el inter\u00e9s que han tenido los Municipios de mejorar y potencializar los procesos de digitalizaci\u00f3n para ahora detonar las inversiones.<br>\u201cAgradecerles la firma de este convenio que para nosotros es sumamente importante, el objetivo de la Ventanilla Nacional Digital de Inversiones es poder generar una facilidad en los tr\u00e1mites que eso haga que los municipios sean atractivos para las empresas\u201d, expres\u00f3 la funcionaria federal.<br>Este convenio fue firmado tambi\u00e9n por los Alcaldes Adri\u00e1n de la Garza de Monterrey, David de la Pe\u00f1a de Santiago, Manuel Guerra de Garc\u00eda, Jes\u00fas Nava de Santa Catarina y C\u00e9sar Garza de Apodaca.<br>El Gobierno de Escobedo refrenda su compromiso con un modelo de gesti\u00f3n eficiente, transparente y replicable, demostrando que la tecnolog\u00eda bien aplicada transforma la vida cotidiana.<\/p>\n","protected":false},"excerpt":{"rendered":"<p>El Municipio de Escobedo reafirma su liderazgo como municipio visionario al integrarse a la Agencia de Transformaci\u00f3n Digital y Telecomunicaciones, posicion\u00e1ndose como un actor clave en la defensa de la soberan\u00eda nacional mediante la digitalizaci\u00f3n estrat\u00e9gica de tr\u00e1mites.El Alcalde Andr\u00e9s Mijes firm\u00f3 este lunes un convenio de colaboraci\u00f3n con Crystel Arellano, Directora General de Simplificaci\u00f3n [&hellip;]<\/p>\n","protected":false},"author":1,"featured_media":136923,"comment_status":"open","ping_status":"open","sticky":false,"template":"","format":"standard","meta":{"footnotes":""},"categories":[6],"tags":[],"_links":{"self":[{"href":"https:\/\/diariodigitalmx.com\/index.php\/wp-json\/wp\/v2\/posts\/136921"}],"collection":[{"href":"https:\/\/diariodigitalmx.com\/index.php\/wp-json\/wp\/v2\/posts"}],"about":[{"href":"https:\/\/diariodigitalmx.com\/index.php\/wp-json\/wp\/v2\/types\/post"}],"author":[{"embeddable":true,"href":"https:\/\/diariodigitalmx.com\/index.php\/wp-json\/wp\/v2\/users\/1"}],"replies":[{"embeddable":true,"href":"https:\/\/diariodigitalmx.com\/index.php\/wp-json\/wp\/v2\/comments?post=136921"}],"version-history":[{"count":2,"href":"https:\/\/diariodigitalmx.com\/index.php\/wp-json\/wp\/v2\/posts\/136921\/revisions"}],"predecessor-version":[{"id":136924,"href":"https:\/\/diariodigitalmx.com\/index.php\/wp-json\/wp\/v2\/posts\/136921\/revisions\/136924"}],"wp:featuredmedia":[{"embeddable":true,"href":"https:\/\/diariodigitalmx.com\/index.php\/wp-json\/wp\/v2\/media\/136923"}],"wp:attachment":[{"href":"https:\/\/diariodigitalmx.com\/index.php\/wp-json\/wp\/v2\/media?parent=136921"}],"wp:term":[{"taxonomy":"category","embeddable":true,"href":"https:\/\/diariodigitalmx.com\/index.php\/wp-json\/wp\/v2\/categories?post=136921"},{"taxonomy":"post_tag","embeddable":true,"href":"https:\/\/diariodigitalmx.com\/index.php\/wp-json\/wp\/v2\/tags?post=136921"}],"curies":[{"name":"wp","href":"https:\/\/api.w.org\/{rel}","templated":true}]}}