{"id":136925,"date":"2025-06-30T22:07:23","date_gmt":"2025-07-01T04:07:23","guid":{"rendered":"https:\/\/diariodigitalmx.com\/?p=136925"},"modified":"2025-06-30T22:38:18","modified_gmt":"2025-07-01T04:38:18","slug":"realiza-congreso-primera-preconsulta-sobre-nueva-ley-de-educacion","status":"publish","type":"post","link":"https:\/\/diariodigitalmx.com\/index.php\/2025\/06\/30\/realiza-congreso-primera-preconsulta-sobre-nueva-ley-de-educacion\/","title":{"rendered":"Realiza Congreso primera preconsulta sobre nueva Ley de Educaci\u00f3n"},"content":{"rendered":"\n<p><strong>\u00a0<\/strong>Despu\u00e9s de las mesas de trabajo y como parte del proceso para enriquecer la Nueva Ley de Educaci\u00f3n, la presidenta de la Comisi\u00f3n de Educaci\u00f3n, Cultura y Deporte, Perla Villarreal Valdez, encabez\u00f3 la primera preconsulta en la que participaron personas con discapacidad.<\/p>\n\n\n\n<p>A la reuni\u00f3n de trabajo acudieron la Secretaria de Educaci\u00f3n, Sof\u00edaleticia Morales Garza; y la Directora del Centro de Estudios Legislativos del Congreso local, Mar\u00eda Ang\u00e9lica P\u00e9rez Rivera.<\/p>\n\n\n\n<p>\u201cTenemos que tener consultas p\u00fablicas en todos los art\u00edculos que involucran temas de inclusi\u00f3n y de discapacidad en todas las ramas, y lo que queremos es que esta ley est\u00e9 lo bastante dirigida, atendida y desmenuzada para poderla socializar de la mejor manera con todas las personas involucradas en estos temas\u201d, apunt\u00f3 en entrevista la legisladora del PRD.<\/p>\n\n\n\n<figure class=\"wp-block-image size-large\"><img loading=\"lazy\" decoding=\"async\" width=\"1024\" height=\"683\" src=\"https:\/\/diariodigitalmx.com\/wp-content\/uploads\/2025\/06\/IMG-20250630-WA0121-1024x683.jpg\" alt=\"\" class=\"wp-image-136939\" srcset=\"https:\/\/diariodigitalmx.com\/wp-content\/uploads\/2025\/06\/IMG-20250630-WA0121-1024x683.jpg 1024w, https:\/\/diariodigitalmx.com\/wp-content\/uploads\/2025\/06\/IMG-20250630-WA0121-300x200.jpg 300w, https:\/\/diariodigitalmx.com\/wp-content\/uploads\/2025\/06\/IMG-20250630-WA0121-768x512.jpg 768w, https:\/\/diariodigitalmx.com\/wp-content\/uploads\/2025\/06\/IMG-20250630-WA0121-1536x1024.jpg 1536w, https:\/\/diariodigitalmx.com\/wp-content\/uploads\/2025\/06\/IMG-20250630-WA0121-2048x1365.jpg 2048w\" sizes=\"(max-width: 1024px) 100vw, 1024px\" \/><\/figure>\n\n\n\n<p>\u201cHoy se lanza esta preconsulta, la siguiente semana empezar\u00e1n las mesas de trabajo ya dirigidas a cada asociaci\u00f3n, es muy bueno tener este tipo de reuniones porque nos sensibiliza, nos abre el panorama y nos enfocamos a lo que realmente necesita la gente\u201d, agreg\u00f3.<\/p>\n\n\n\n<p>Villarreal Valdez destac\u00f3 que se convoc\u00f3 al Consejo de Personas con Discapacidad en la entidad, y a diversas asociaciones de discapacidad visual, sordomudos y personas con espectro autista.<\/p>\n\n\n\n<p>\u201cLo que queremos es que esto pueda tener un impacto positivo y lo que posteriormente se estar\u00e1 realizando es socializar esta nueva Ley de Educaci\u00f3n con fechas y horarios espec\u00edficos, tanto de manera virtual como presencial para que todas las personas que viven la realidad, podamos ayudarlas\u201d, manifest\u00f3.<\/p>\n\n\n\n<p>Las consultas se realizar\u00e1n de forma presencial durante todo el mes de julio, y se har\u00e1n p\u00fablicas a trav\u00e9s de p\u00e1gina de internet del Congreso del Estado de Nuevo Le\u00f3n:&nbsp;<a href=\"http:\/\/www.hcnl.gob.mx\/\" target=\"_blank\" rel=\"noreferrer noopener\">www.hcnl.gob.mx<\/a><\/p>\n","protected":false},"excerpt":{"rendered":"<p>\u00a0Despu\u00e9s de las mesas de trabajo y como parte del proceso para enriquecer la Nueva Ley de Educaci\u00f3n, la presidenta de la Comisi\u00f3n de Educaci\u00f3n, Cultura y Deporte, Perla Villarreal Valdez, encabez\u00f3 la primera preconsulta en la que participaron personas con discapacidad. A la reuni\u00f3n de trabajo acudieron la Secretaria de Educaci\u00f3n, Sof\u00edaleticia Morales Garza; [&hellip;]<\/p>\n","protected":false},"author":1,"featured_media":136937,"comment_status":"open","ping_status":"open","sticky":false,"template":"","format":"standard","meta":{"footnotes":""},"categories":[6],"tags":[],"_links":{"self":[{"href":"https:\/\/diariodigitalmx.com\/index.php\/wp-json\/wp\/v2\/posts\/136925"}],"collection":[{"href":"https:\/\/diariodigitalmx.com\/index.php\/wp-json\/wp\/v2\/posts"}],"about":[{"href":"https:\/\/diariodigitalmx.com\/index.php\/wp-json\/wp\/v2\/types\/post"}],"author":[{"embeddable":true,"href":"https:\/\/diariodigitalmx.com\/index.php\/wp-json\/wp\/v2\/users\/1"}],"replies":[{"embeddable":true,"href":"https:\/\/diariodigitalmx.com\/index.php\/wp-json\/wp\/v2\/comments?post=136925"}],"version-history":[{"count":2,"href":"https:\/\/diariodigitalmx.com\/index.php\/wp-json\/wp\/v2\/posts\/136925\/revisions"}],"predecessor-version":[{"id":136940,"href":"https:\/\/diariodigitalmx.com\/index.php\/wp-json\/wp\/v2\/posts\/136925\/revisions\/136940"}],"wp:featuredmedia":[{"embeddable":true,"href":"https:\/\/diariodigitalmx.com\/index.php\/wp-json\/wp\/v2\/media\/136937"}],"wp:attachment":[{"href":"https:\/\/diariodigitalmx.com\/index.php\/wp-json\/wp\/v2\/media?parent=136925"}],"wp:term":[{"taxonomy":"category","embeddable":true,"href":"https:\/\/diariodigitalmx.com\/index.php\/wp-json\/wp\/v2\/categories?post=136925"},{"taxonomy":"post_tag","embeddable":true,"href":"https:\/\/diariodigitalmx.com\/index.php\/wp-json\/wp\/v2\/tags?post=136925"}],"curies":[{"name":"wp","href":"https:\/\/api.w.org\/{rel}","templated":true}]}}