{"id":136930,"date":"2025-06-30T22:12:29","date_gmt":"2025-07-01T04:12:29","guid":{"rendered":"https:\/\/diariodigitalmx.com\/?p=136930"},"modified":"2025-06-30T22:36:33","modified_gmt":"2025-07-01T04:36:33","slug":"solicita-ana-gonzalez-declarar-area-natural-protegida-al-rio-santa-catarina-en-nl","status":"publish","type":"post","link":"https:\/\/diariodigitalmx.com\/index.php\/2025\/06\/30\/solicita-ana-gonzalez-declarar-area-natural-protegida-al-rio-santa-catarina-en-nl\/","title":{"rendered":"Solicita Ana Gonz\u00e1lez declarar \u00e1rea natural protegida al R\u00edo Santa Catarina, en NL"},"content":{"rendered":"\n<p>La diputada Ana Isabel Gonz\u00e1lez hizo un llamado a la Secretar\u00eda de Medio Ambiente y Recursos Naturales (Semarnat) y a la Comisi\u00f3n Nacional del Agua (Conagua) para que impulsen, de manera coordinada, el proceso de declaratoria oficial del R\u00edo Santa Catarina, en el estado de Nuevo Le\u00f3n, como \u00c1rea Natural Protegida.<\/p>\n\n\n\n<p>Solicit\u00f3 adem\u00e1s la elaboraci\u00f3n de los estudios t\u00e9cnicos correspondientes y la implementaci\u00f3n de un proceso transparente que incluya la participaci\u00f3n ciudadana y el cumplimiento de los est\u00e1ndares ambientales establecidos.<\/p>\n\n\n\n<p>Destac\u00f3 que el R\u00edo Santa Catarina constituye un ecosistema fundamental para la biodiversidad y el equilibrio ecol\u00f3gico de la regi\u00f3n, por lo que requiere un marco jur\u00eddico s\u00f3lido que garantice su preservaci\u00f3n a largo plazo.<\/p>\n\n\n\n<p>La legisladora puntualiz\u00f3 que, aunque el gobernador de Nuevo Le\u00f3n ha anunciado su reconocimiento como \u00c1rea Natural Protegida a nivel estatal, es indispensable que dicho estatus se formalice conforme a la Ley General del Equilibrio Ecol\u00f3gico y la Protecci\u00f3n al Ambiente, su Reglamento y dem\u00e1s disposiciones aplicables.<\/p>\n\n\n\n<p>\u201cLa ausencia de una declaratoria federal deja al R\u00edo Santa Catarina vulnerable a amenazas que podr\u00edan comprometer su integridad ecol\u00f3gica y su papel como fuente de bienestar para las comunidades aleda\u00f1as\u201d, advirti\u00f3.<\/p>\n\n\n\n<p>Gonz\u00e1lez expres\u00f3 su confianza en el compromiso del gobierno estatal con la protecci\u00f3n de los recursos naturales y reiter\u00f3 su disposici\u00f3n a colaborar en toda iniciativa que fortalezca la conservaci\u00f3n del R\u00edo Santa Catarina.<\/p>\n","protected":false},"excerpt":{"rendered":"<p>La diputada Ana Isabel Gonz\u00e1lez hizo un llamado a la Secretar\u00eda de Medio Ambiente y Recursos Naturales (Semarnat) y a la Comisi\u00f3n Nacional del Agua (Conagua) para que impulsen, de manera coordinada, el proceso de declaratoria oficial del R\u00edo Santa Catarina, en el estado de Nuevo Le\u00f3n, como \u00c1rea Natural Protegida. Solicit\u00f3 adem\u00e1s la elaboraci\u00f3n [&hellip;]<\/p>\n","protected":false},"author":1,"featured_media":136932,"comment_status":"open","ping_status":"open","sticky":false,"template":"","format":"standard","meta":{"footnotes":""},"categories":[6,5],"tags":[],"_links":{"self":[{"href":"https:\/\/diariodigitalmx.com\/index.php\/wp-json\/wp\/v2\/posts\/136930"}],"collection":[{"href":"https:\/\/diariodigitalmx.com\/index.php\/wp-json\/wp\/v2\/posts"}],"about":[{"href":"https:\/\/diariodigitalmx.com\/index.php\/wp-json\/wp\/v2\/types\/post"}],"author":[{"embeddable":true,"href":"https:\/\/diariodigitalmx.com\/index.php\/wp-json\/wp\/v2\/users\/1"}],"replies":[{"embeddable":true,"href":"https:\/\/diariodigitalmx.com\/index.php\/wp-json\/wp\/v2\/comments?post=136930"}],"version-history":[{"count":1,"href":"https:\/\/diariodigitalmx.com\/index.php\/wp-json\/wp\/v2\/posts\/136930\/revisions"}],"predecessor-version":[{"id":136931,"href":"https:\/\/diariodigitalmx.com\/index.php\/wp-json\/wp\/v2\/posts\/136930\/revisions\/136931"}],"wp:featuredmedia":[{"embeddable":true,"href":"https:\/\/diariodigitalmx.com\/index.php\/wp-json\/wp\/v2\/media\/136932"}],"wp:attachment":[{"href":"https:\/\/diariodigitalmx.com\/index.php\/wp-json\/wp\/v2\/media?parent=136930"}],"wp:term":[{"taxonomy":"category","embeddable":true,"href":"https:\/\/diariodigitalmx.com\/index.php\/wp-json\/wp\/v2\/categories?post=136930"},{"taxonomy":"post_tag","embeddable":true,"href":"https:\/\/diariodigitalmx.com\/index.php\/wp-json\/wp\/v2\/tags?post=136930"}],"curies":[{"name":"wp","href":"https:\/\/api.w.org\/{rel}","templated":true}]}}