{"id":136952,"date":"2025-07-01T08:16:45","date_gmt":"2025-07-01T14:16:45","guid":{"rendered":"https:\/\/diariodigitalmx.com\/?p=136952"},"modified":"2025-07-01T08:18:01","modified_gmt":"2025-07-01T14:18:01","slug":"se-les-olvida-gobernar","status":"publish","type":"post","link":"https:\/\/diariodigitalmx.com\/index.php\/2025\/07\/01\/se-les-olvida-gobernar\/","title":{"rendered":"Se les olvida gobernar"},"content":{"rendered":"\n<p>Ra\u00fal Guajardo Cant\u00fa&nbsp;<\/p>\n\n\n\n<p>Desde hace tiempo hemos subrayado que los actuales gobernantes en lugar de realizar las funciones para las cuales fueron electos se dedican a prepararse para las elecciones que vienen, se les olvida que est\u00e1n donde est\u00e1n para gobernar y no para alcanzar el siguiente escal\u00f3n en su carrera.<\/p>\n\n\n\n<p>Aclaramos, las aspiraciones para trascender son leg\u00edtimas, lo que no es leg\u00edtimo es que por seguir esas aspiraciones olviden sus obligaciones actuales y se dediquen a participar en el concurso de popularidad en que se han convertido los procesos electorales.<\/p>\n\n\n\n<p>Si bien en la pol\u00edtica siempre se ha presentado el fen\u00f3meno de que quien tiene un puesto de elecci\u00f3n popular, desde este realiza acciones para alcanzar el siguiente cargo participando en la elecci\u00f3n que le corresponde, esas aspiraciones se reforzaban intentando realizar un buen gobierno.<\/p>\n\n\n\n<p>Por ejemplo, aunque se sab\u00eda que la alcald\u00eda de Monterrey era considerada \u201cla tumba de las aspiraciones pol\u00edticas\u201d de quien llegaba ah\u00ed, casi todos los alcaldes que en el tiempo llegaron al hoy llamado palacio de cristal aspiraron a la gubernatura del estado y, sin embargo, hasta ahora, que se recuerde, solamente S\u00f3crates Rizzo ha logrado ese salto y lo hizo gracias al gran apoyo del presidente en turno.<\/p>\n\n\n\n<p>La alcald\u00eda se consideraba de la forma que se\u00f1alamos anteriormente, debido a que no hab\u00eda un presupuesto suficiente como para cubrir las necesidades b\u00e1sicas de los regiomontanos por lo que estos siempre calificaron mal a sus alcaldes, impidiendo el salto hacia la gubernatura, pero casi todos lo intentaron.<\/p>\n\n\n\n<p>Y ponemos el caso de la alcald\u00eda regia porque es el m\u00e1s notorio a trav\u00e9s de la historia pol\u00edtica del estado, pero no es el \u00fanico, todo diputado federal y senador aspiraba a alcanzar la gubernatura y para ello trataba de realizar un trabajo que se notara, de ah\u00ed que los puestos legislativos se consideraron durante mucho tiempo como una oficina de gestor\u00eda.<\/p>\n\n\n\n<p>No se diga ahora que a los gobernadores del estado les ha dado por aspirar a la presidencia, por andar en ello ni se acuerdan que est\u00e1n para hacer algo m\u00e1s que postear el clima en redes sociales.<\/p>\n\n\n\n<p>Las cosas han cambiado, y no para bien, hoy la lucha es descarnada y abierta, ya no importa siquiera cubrir las apariencias de que se hace un buen trabajo, solo se trata de ser popular.<\/p>\n\n\n\n<p>Y si no nos cree, eche un vistazo a las actividades de varios pol\u00edticos durante el fin de semana, anuncios de rutas de camiones gratuitas, tomas de protestas de responsabilidades partidistas sin dejar el puesto gubernamental que se ejerce y protestas de los de enfrente por estos hechos.<\/p>\n\n\n\n<p>Mientras todo eso sucede, los problemas reales de Nuevo Le\u00f3n siguen sin ser atendidos en sus causas. La movilidad, por poner solo un ejemplo, es un desastre y ya se sabe que de los segundos pisos ni hablar y del Metro a duras penas se realizan la mitad de los proyectos prometidos.<\/p>\n\n\n\n<p>Pero usted tiene el voto para cambiar esa situaci\u00f3n. No lo desperdicie.<\/p>\n","protected":false},"excerpt":{"rendered":"<p>Ra\u00fal Guajardo Cant\u00fa&nbsp; Desde hace tiempo hemos subrayado que los actuales gobernantes en lugar de realizar las funciones para las cuales fueron electos se dedican a prepararse para las elecciones que vienen, se les olvida que est\u00e1n donde est\u00e1n para gobernar y no para alcanzar el siguiente escal\u00f3n en su carrera. Aclaramos, las aspiraciones para [&hellip;]<\/p>\n","protected":false},"author":1,"featured_media":135895,"comment_status":"open","ping_status":"open","sticky":false,"template":"","format":"standard","meta":{"footnotes":""},"categories":[12],"tags":[],"_links":{"self":[{"href":"https:\/\/diariodigitalmx.com\/index.php\/wp-json\/wp\/v2\/posts\/136952"}],"collection":[{"href":"https:\/\/diariodigitalmx.com\/index.php\/wp-json\/wp\/v2\/posts"}],"about":[{"href":"https:\/\/diariodigitalmx.com\/index.php\/wp-json\/wp\/v2\/types\/post"}],"author":[{"embeddable":true,"href":"https:\/\/diariodigitalmx.com\/index.php\/wp-json\/wp\/v2\/users\/1"}],"replies":[{"embeddable":true,"href":"https:\/\/diariodigitalmx.com\/index.php\/wp-json\/wp\/v2\/comments?post=136952"}],"version-history":[{"count":1,"href":"https:\/\/diariodigitalmx.com\/index.php\/wp-json\/wp\/v2\/posts\/136952\/revisions"}],"predecessor-version":[{"id":136953,"href":"https:\/\/diariodigitalmx.com\/index.php\/wp-json\/wp\/v2\/posts\/136952\/revisions\/136953"}],"wp:featuredmedia":[{"embeddable":true,"href":"https:\/\/diariodigitalmx.com\/index.php\/wp-json\/wp\/v2\/media\/135895"}],"wp:attachment":[{"href":"https:\/\/diariodigitalmx.com\/index.php\/wp-json\/wp\/v2\/media?parent=136952"}],"wp:term":[{"taxonomy":"category","embeddable":true,"href":"https:\/\/diariodigitalmx.com\/index.php\/wp-json\/wp\/v2\/categories?post=136952"},{"taxonomy":"post_tag","embeddable":true,"href":"https:\/\/diariodigitalmx.com\/index.php\/wp-json\/wp\/v2\/tags?post=136952"}],"curies":[{"name":"wp","href":"https:\/\/api.w.org\/{rel}","templated":true}]}}