{"id":136981,"date":"2025-07-01T20:52:50","date_gmt":"2025-07-02T02:52:50","guid":{"rendered":"https:\/\/diariodigitalmx.com\/?p=136981"},"modified":"2025-07-01T20:56:10","modified_gmt":"2025-07-02T02:56:10","slug":"tren-del-metro-regio-habria-arrancado-sin-operador-elevaron-tarifas-desde-este-primero-de-julio","status":"publish","type":"post","link":"https:\/\/diariodigitalmx.com\/index.php\/2025\/07\/01\/tren-del-metro-regio-habria-arrancado-sin-operador-elevaron-tarifas-desde-este-primero-de-julio\/","title":{"rendered":"Tren del Metro regio habr\u00eda arrancado sin operador; elevaron tarifas desde este primero de julio"},"content":{"rendered":"\n<figure class=\"wp-block-video\"><video controls src=\"http:\/\/diariodigitalmx.com\/wp-content\/uploads\/2025\/07\/VID-20250701-WA02381.mp4\"><\/video><\/figure>\n\n\n\n<p>Monterrey. \u2013 Un tren de la L\u00ednea 1 del Metro se habr\u00eda arrancado sin operador en un incidente que se registr\u00f3 en la estaci\u00f3n Talleres al norte de Monterrey, seg\u00fan un video que circula en redes sociales y que fue tomado por usuarios de ese servicio de transporte que, este primero de julio elev\u00f3 en diez centavos el pasaje al igual que el sistema camionero.<\/p>\n\n\n\n<p>En el video se observa a los usuarios que esperan abordar un vag\u00f3n, pero en forma extra\u00f1a y repentina el tren avanza lentamente, en tanto un operador del Metro corre por el and\u00e9n con la intenci\u00f3n de alcanzarlo y abordarlo para detenerlo.<\/p>\n\n\n\n<p>Mientras tanto, los usuarios extra\u00f1ados hacen comentarios y platican entre ellos que el tren avanz\u00f3 sin conductor alguno.<\/p>\n\n\n\n<p>Despu\u00e9s, a trav\u00e9s de las bocinas de la estaci\u00f3n se escucha una alerta que pide a los usuarios mantenerse detr\u00e1s de la l\u00ednea amarilla, lo que indica que personal del Metro&nbsp;<strong>se percat\u00f3 de la situaci\u00f3n e intent\u00f3 aplicar el protocolo de seguridad.<\/strong><\/p>\n\n\n\n<p><strong>Hasta las 20:30 horas Metrorrey no hab\u00eda emitido informaci\u00f3n oficial sobre los hechos, ni tampoco aclarado el incidente que circula en redes sociales a trav\u00e9s de un video.<\/strong><\/p>\n\n\n\n<p>Tampoco se reportaron personas lesionadas ni problemas al servicio de transporte.<\/p>\n\n\n\n<figure class=\"wp-block-image size-full\"><img loading=\"lazy\" decoding=\"async\" width=\"425\" height=\"230\" src=\"https:\/\/diariodigitalmx.com\/wp-content\/uploads\/2025\/07\/f425x230-267646_281628_5050.jpg\" alt=\"\" class=\"wp-image-136987\" srcset=\"https:\/\/diariodigitalmx.com\/wp-content\/uploads\/2025\/07\/f425x230-267646_281628_5050.jpg 425w, https:\/\/diariodigitalmx.com\/wp-content\/uploads\/2025\/07\/f425x230-267646_281628_5050-300x162.jpg 300w\" sizes=\"(max-width: 425px) 100vw, 425px\" \/><\/figure>\n\n\n\n<p>SUBEN TARIFAS<\/p>\n\n\n\n<p>Por otro lado, este primero de julio el Metro y los camiones de origen chino que adquiri\u00f3 el gobierno estatal, unos mil 800, elevaron sus tarifas.<\/p>\n\n\n\n<p>Quienes desean viajar en Metro deben pagar 9.20 pesos por viaje sencillo, es decir, se increment\u00f3 en diez centavos.<\/p>\n\n\n\n<p>Por lo que respecta al sistema de camiones, los usuarios pagar\u00e1n un total de 15.70 pesos por viaje, tambi\u00e9n diez centavos m\u00e1s que en junio.<\/p>\n\n\n\n<p>El deslizamiento de diez centavos mensuales en el Metro persistir\u00e1 hasta que se alcance la cifra de 15 pesos por pasaje.<\/p>\n\n\n\n<p>Los camiones adquiridos por el gobierno estatal solamente reciben el pago mediante tarjeta electr\u00f3nica, mientras los llamados tradicionales, que pertenecen a empresas privadas aceptan tanto el pago electr\u00f3nico como en efectivo, aunque en \u00e9ste \u00faltimo esquema cobran 15 pesos, es decir, sale m\u00e1s barato pagar as\u00ed.<\/p>\n\n\n\n<p>Monterrey y la zona metropolitana enfrentan un problema de movilidad desde hace a\u00f1os, luego de que el mal servicio camionero ha provocado esperas de hasta dos horas para abordar una unidad, en tanto son insuficientes y permiten que los pasajeros utilicen de cuatro o m\u00e1s horas para sus traslados a su destino.<\/p>\n\n\n\n<p>En circulaci\u00f3n se ubican unas tres mil unidades mientras que se requiere por lo menos cinco mil para un servicio aceptable, aunque el gobierno acept\u00f3 que, de sus unidades, m\u00e1s de 300 est\u00e1n en talleres por alguna anomal\u00eda.<\/p>\n\n\n\n<p>El alza de tarifas ha provocado manifestaciones y protestas contin\u00faas de diversos grupos y colectivos que demandan dar marcha atr\u00e1s.<\/p>\n","protected":false},"excerpt":{"rendered":"<p>Monterrey. \u2013 Un tren de la L\u00ednea 1 del Metro se habr\u00eda arrancado sin operador en un incidente que se registr\u00f3 en la estaci\u00f3n Talleres al norte de Monterrey, seg\u00fan un video que circula en redes sociales y que fue tomado por usuarios de ese servicio de transporte que, este primero de julio elev\u00f3 en [&hellip;]<\/p>\n","protected":false},"author":1,"featured_media":136983,"comment_status":"open","ping_status":"open","sticky":false,"template":"","format":"standard","meta":{"footnotes":""},"categories":[6,5],"tags":[],"_links":{"self":[{"href":"https:\/\/diariodigitalmx.com\/index.php\/wp-json\/wp\/v2\/posts\/136981"}],"collection":[{"href":"https:\/\/diariodigitalmx.com\/index.php\/wp-json\/wp\/v2\/posts"}],"about":[{"href":"https:\/\/diariodigitalmx.com\/index.php\/wp-json\/wp\/v2\/types\/post"}],"author":[{"embeddable":true,"href":"https:\/\/diariodigitalmx.com\/index.php\/wp-json\/wp\/v2\/users\/1"}],"replies":[{"embeddable":true,"href":"https:\/\/diariodigitalmx.com\/index.php\/wp-json\/wp\/v2\/comments?post=136981"}],"version-history":[{"count":3,"href":"https:\/\/diariodigitalmx.com\/index.php\/wp-json\/wp\/v2\/posts\/136981\/revisions"}],"predecessor-version":[{"id":136988,"href":"https:\/\/diariodigitalmx.com\/index.php\/wp-json\/wp\/v2\/posts\/136981\/revisions\/136988"}],"wp:featuredmedia":[{"embeddable":true,"href":"https:\/\/diariodigitalmx.com\/index.php\/wp-json\/wp\/v2\/media\/136983"}],"wp:attachment":[{"href":"https:\/\/diariodigitalmx.com\/index.php\/wp-json\/wp\/v2\/media?parent=136981"}],"wp:term":[{"taxonomy":"category","embeddable":true,"href":"https:\/\/diariodigitalmx.com\/index.php\/wp-json\/wp\/v2\/categories?post=136981"},{"taxonomy":"post_tag","embeddable":true,"href":"https:\/\/diariodigitalmx.com\/index.php\/wp-json\/wp\/v2\/tags?post=136981"}],"curies":[{"name":"wp","href":"https:\/\/api.w.org\/{rel}","templated":true}]}}