{"id":137099,"date":"2025-07-04T05:59:07","date_gmt":"2025-07-04T11:59:07","guid":{"rendered":"https:\/\/diariodigitalmx.com\/?p=137099"},"modified":"2025-07-04T06:05:45","modified_gmt":"2025-07-04T12:05:45","slug":"contra-las-cuerdas-detienen-en-eu-a-julio-cesar-chavez-jr","status":"publish","type":"post","link":"https:\/\/diariodigitalmx.com\/index.php\/2025\/07\/04\/contra-las-cuerdas-detienen-en-eu-a-julio-cesar-chavez-jr\/","title":{"rendered":"Contra las cuerdas; detienen en EU a Julio C\u00e9sar Ch\u00e1vez Jr"},"content":{"rendered":"\n<p>El Departamento de Seguridad Nacional de Estados Unidos (DHS, por sus siglas en ingl\u00e9s) anunci\u00f3 la detenci\u00f3n del<strong>&nbsp;boxeador<\/strong>&nbsp;mexicano&nbsp;<strong>Julio C\u00e9sar Ch\u00e1vez Jr.<\/strong>, quien enfrenta un proceso de&nbsp;<a href=\"https:\/\/lasillarota.com\/mundo\/2025\/6\/23\/corte-suprema-da-via-libre-trump-para-deportar-migrantes-terceros-paises-542261.html\" target=\"_blank\" rel=\"noreferrer noopener\"><strong>deportaci\u00f3n<\/strong>&nbsp;<\/a>acelerada por su presunta vinculaci\u00f3n con el&nbsp;<strong>crimen organizado&nbsp;<\/strong>y por haber permanecido ilegalmente en el pa\u00eds.<\/p>\n\n\n\n<p>La Fiscal\u00eda General de la Rep\u00fablica (FGR) confirm\u00f3 que el hijo de la leyenda cuenta con una orden de aprehensi\u00f3n en M\u00e9xico desde marzo de 2023 por los delitos de delincuencia organizada y tr\u00e1fico de armas.<\/p>\n\n\n\n<p>Ch\u00e1vez Jr., hijo del legendario campe\u00f3n de boxeo&nbsp;<strong>Julio C\u00e9sar Ch\u00e1vez<\/strong>,&nbsp;fue arrestado el pasado 2 de julio en Studio City, California, por el Servicio de Inmigraci\u00f3n y Control de Aduanas (ICE).<\/p>\n\n\n\n<p>Las autoridades estadounidenses informaron que el pugilista&nbsp;tiene una&nbsp;<strong>orden de arresto vigente<\/strong>&nbsp;en M\u00e9xico, acusado de participar en actividades relacionadas con el<strong>&nbsp;tr\u00e1fico de armas de fuego<\/strong>, municiones y explosivos, as\u00ed como por su presunta vinculaci\u00f3n con el&nbsp;<a href=\"https:\/\/lasillarota.com\/nacion\/2025\/6\/27\/cartel-de-sinaloa-hackeo-celular-de-agente-del-fbi-en-cdmx-542404.html\" target=\"_blank\" rel=\"noreferrer noopener\"><strong>c\u00e1rtel de Sinaloa<\/strong><\/a>, considerado organizaci\u00f3n terrorista extranjera.<\/p>\n","protected":false},"excerpt":{"rendered":"<p>El Departamento de Seguridad Nacional de Estados Unidos (DHS, por sus siglas en ingl\u00e9s) anunci\u00f3 la detenci\u00f3n del&nbsp;boxeador&nbsp;mexicano&nbsp;Julio C\u00e9sar Ch\u00e1vez Jr., quien enfrenta un proceso de&nbsp;deportaci\u00f3n&nbsp;acelerada por su presunta vinculaci\u00f3n con el&nbsp;crimen organizado&nbsp;y por haber permanecido ilegalmente en el pa\u00eds. La Fiscal\u00eda General de la Rep\u00fablica (FGR) confirm\u00f3 que el hijo de la leyenda cuenta [&hellip;]<\/p>\n","protected":false},"author":1,"featured_media":137107,"comment_status":"open","ping_status":"open","sticky":false,"template":"","format":"standard","meta":{"footnotes":""},"categories":[4,3,5],"tags":[],"_links":{"self":[{"href":"https:\/\/diariodigitalmx.com\/index.php\/wp-json\/wp\/v2\/posts\/137099"}],"collection":[{"href":"https:\/\/diariodigitalmx.com\/index.php\/wp-json\/wp\/v2\/posts"}],"about":[{"href":"https:\/\/diariodigitalmx.com\/index.php\/wp-json\/wp\/v2\/types\/post"}],"author":[{"embeddable":true,"href":"https:\/\/diariodigitalmx.com\/index.php\/wp-json\/wp\/v2\/users\/1"}],"replies":[{"embeddable":true,"href":"https:\/\/diariodigitalmx.com\/index.php\/wp-json\/wp\/v2\/comments?post=137099"}],"version-history":[{"count":1,"href":"https:\/\/diariodigitalmx.com\/index.php\/wp-json\/wp\/v2\/posts\/137099\/revisions"}],"predecessor-version":[{"id":137100,"href":"https:\/\/diariodigitalmx.com\/index.php\/wp-json\/wp\/v2\/posts\/137099\/revisions\/137100"}],"wp:featuredmedia":[{"embeddable":true,"href":"https:\/\/diariodigitalmx.com\/index.php\/wp-json\/wp\/v2\/media\/137107"}],"wp:attachment":[{"href":"https:\/\/diariodigitalmx.com\/index.php\/wp-json\/wp\/v2\/media?parent=137099"}],"wp:term":[{"taxonomy":"category","embeddable":true,"href":"https:\/\/diariodigitalmx.com\/index.php\/wp-json\/wp\/v2\/categories?post=137099"},{"taxonomy":"post_tag","embeddable":true,"href":"https:\/\/diariodigitalmx.com\/index.php\/wp-json\/wp\/v2\/tags?post=137099"}],"curies":[{"name":"wp","href":"https:\/\/api.w.org\/{rel}","templated":true}]}}