{"id":137101,"date":"2025-07-04T06:00:27","date_gmt":"2025-07-04T12:00:27","guid":{"rendered":"https:\/\/diariodigitalmx.com\/?p=137101"},"modified":"2025-07-04T06:04:47","modified_gmt":"2025-07-04T12:04:47","slug":"asi-reacciona-la-familia-del-jr-chavez","status":"publish","type":"post","link":"https:\/\/diariodigitalmx.com\/index.php\/2025\/07\/04\/asi-reacciona-la-familia-del-jr-chavez\/","title":{"rendered":"As\u00ed reacciona la familia del Jr. Ch\u00e1vez"},"content":{"rendered":"\n<p>A trav\u00e9s de un comunicado la familia de Julio C\u00e9sar Ch\u00e1vez Jr. le expres\u00f3 apoyo total y aseguran conf\u00edan&nbsp;plenamente en su inocencia y en las instituciones de justicia de M\u00e9xico y Estados Unidos.<\/p>\n\n\n\n<p>El comunicado emitido por el\u00a0boxeador mexicano\u00a0<strong>Julio C\u00e9sar Ch\u00e1vez<\/strong>\u00a0y padre de Jr. pidi\u00f3\u00a0respeto al proceso y que se eviten juicios anticipados.<\/p>\n\n\n\n<figure class=\"wp-block-image size-full\"><img loading=\"lazy\" decoding=\"async\" width=\"768\" height=\"969\" src=\"https:\/\/diariodigitalmx.com\/wp-content\/uploads\/2025\/07\/f768x1-757135_757262_5050.webp\" alt=\"\" class=\"wp-image-137105\" srcset=\"https:\/\/diariodigitalmx.com\/wp-content\/uploads\/2025\/07\/f768x1-757135_757262_5050.webp 768w, https:\/\/diariodigitalmx.com\/wp-content\/uploads\/2025\/07\/f768x1-757135_757262_5050-238x300.webp 238w\" sizes=\"(max-width: 768px) 100vw, 768px\" \/><\/figure>\n","protected":false},"excerpt":{"rendered":"<p>A trav\u00e9s de un comunicado la familia de Julio C\u00e9sar Ch\u00e1vez Jr. le expres\u00f3 apoyo total y aseguran conf\u00edan&nbsp;plenamente en su inocencia y en las instituciones de justicia de M\u00e9xico y Estados Unidos. El comunicado emitido por el\u00a0boxeador mexicano\u00a0Julio C\u00e9sar Ch\u00e1vez\u00a0y padre de Jr. pidi\u00f3\u00a0respeto al proceso y que se eviten juicios anticipados.<\/p>\n","protected":false},"author":1,"featured_media":137103,"comment_status":"open","ping_status":"open","sticky":false,"template":"","format":"standard","meta":{"footnotes":""},"categories":[2,5],"tags":[],"_links":{"self":[{"href":"https:\/\/diariodigitalmx.com\/index.php\/wp-json\/wp\/v2\/posts\/137101"}],"collection":[{"href":"https:\/\/diariodigitalmx.com\/index.php\/wp-json\/wp\/v2\/posts"}],"about":[{"href":"https:\/\/diariodigitalmx.com\/index.php\/wp-json\/wp\/v2\/types\/post"}],"author":[{"embeddable":true,"href":"https:\/\/diariodigitalmx.com\/index.php\/wp-json\/wp\/v2\/users\/1"}],"replies":[{"embeddable":true,"href":"https:\/\/diariodigitalmx.com\/index.php\/wp-json\/wp\/v2\/comments?post=137101"}],"version-history":[{"count":2,"href":"https:\/\/diariodigitalmx.com\/index.php\/wp-json\/wp\/v2\/posts\/137101\/revisions"}],"predecessor-version":[{"id":137106,"href":"https:\/\/diariodigitalmx.com\/index.php\/wp-json\/wp\/v2\/posts\/137101\/revisions\/137106"}],"wp:featuredmedia":[{"embeddable":true,"href":"https:\/\/diariodigitalmx.com\/index.php\/wp-json\/wp\/v2\/media\/137103"}],"wp:attachment":[{"href":"https:\/\/diariodigitalmx.com\/index.php\/wp-json\/wp\/v2\/media?parent=137101"}],"wp:term":[{"taxonomy":"category","embeddable":true,"href":"https:\/\/diariodigitalmx.com\/index.php\/wp-json\/wp\/v2\/categories?post=137101"},{"taxonomy":"post_tag","embeddable":true,"href":"https:\/\/diariodigitalmx.com\/index.php\/wp-json\/wp\/v2\/tags?post=137101"}],"curies":[{"name":"wp","href":"https:\/\/api.w.org\/{rel}","templated":true}]}}