{"id":137112,"date":"2025-07-04T09:13:57","date_gmt":"2025-07-04T15:13:57","guid":{"rendered":"https:\/\/diariodigitalmx.com\/?p=137112"},"modified":"2025-07-04T09:14:42","modified_gmt":"2025-07-04T15:14:42","slug":"la-burra-no-era-arisca","status":"publish","type":"post","link":"https:\/\/diariodigitalmx.com\/index.php\/2025\/07\/04\/la-burra-no-era-arisca\/","title":{"rendered":"La burra no era arisca&#8230;.."},"content":{"rendered":"\n<p>&#8220;Tanto peca el que mata la vaca como el que le agarra la pata&#8221;<\/p>\n\n\n\n<p>Este conocido refr\u00e1n aplica perfectamente a lo ocurrido con la reci\u00e9n aprobada, en lo general, llamada \u201cLey Esp\u00eda\u201d. En este caso, son igualmente responsables tanto quienes la presentaron como quienes la aprobaron.<\/p>\n\n\n\n<p>Es importante evidenciar que la funci\u00f3n p\u00fablica, hoy en d\u00eda, parece responder m\u00e1s a los intereses de grupos cerrados que al bienestar de la poblaci\u00f3n en general. Aunque la ciudadan\u00eda exprese su desacuerdo, realice manifestaciones o re\u00fana firmas electr\u00f3nicas, nada de esto parece tener efecto frente a decisiones que llevan a\u00f1os gest\u00e1ndose.<\/p>\n\n\n\n<p>Si alguna vez nos cuestionamos la independencia de la actual titular del Poder Ejecutivo respecto a su antecesor, los hechos actuales nos est\u00e1n dando una respuesta clara y contundente.<\/p>\n\n\n\n<p>Como mujer, debo decir que sent\u00ed una gran alegr\u00eda al ver que podemos aspirar a ocupar cargos que antes nos parec\u00edan inalcanzables, como lo es la Presidencia de la Rep\u00fablica.<\/p>\n\n\n\n<p>Sin embargo, tambi\u00e9n siento frustraci\u00f3n al ver que esa oportunidad, en apariencia hist\u00f3rica, parece limitarse a una representaci\u00f3n simb\u00f3lica, pues la gesti\u00f3n actual simplemente est\u00e1 dando continuidad al proyecto de gobierno anterior.<\/p>\n\n\n\n<p>La Constituci\u00f3n ya no es el marco inviolable que sol\u00eda ser. Cada vez que los legisladores presentan nuevas iniciativas \u2014muchas de ellas poco reflexionadas\u2014, me pregunto: \u00bfQu\u00e9 hay detr\u00e1s de esta propuesta?, \u00bfcu\u00e1l es su verdadero objetivo?, \u00bfcu\u00e1nto presupuesto se le asignar\u00e1 y qui\u00e9n lo ejercer\u00e1?, \u00bfd\u00f3nde est\u00e1 el beneficio personal?<\/p>\n\n\n\n<p>Lamento haber llegado a estas conclusiones, pero como dice otro refr\u00e1n: \u201cLa burra no era arisca, la hicieron.\u201d<\/p>\n\n\n\n<p>M\u00e9xico parece estar en ca\u00edda libre, y millones de ciudadanos solo observamos y comentamos en redes sociales sobre lo malo, lo injusto. Pero quienes realmente tienen el poder para detener este r\u00e9gimen, son c\u00f3mplices \u2014ya sea por omisi\u00f3n o por conveniencia.<\/p>\n\n\n\n<p>Estamos entrando en una era de grandes avances tecnol\u00f3gicos, pero tambi\u00e9n de retrocesos preocupantes en materia de derechos humanos. Nos est\u00e1n arrebatando la libertad, el respeto a la privacidad y la confidencialidad de nuestros datos, con el fin de convertirnos en piezas de un sistema cada vez m\u00e1s autoritario.<\/p>\n\n\n\n<p>Los tribunales y organismos aut\u00f3nomos, que debieran ser contrapesos del poder, hoy parecen haber perdido esa autonom\u00eda. Todo est\u00e1 vinculado a una sola voluntad pol\u00edtica. Y no lo olvidemos: aquellos que hoy avalan estos cambios, ma\u00f1ana tambi\u00e9n enfrentar\u00e1n las consecuencias de sus actos.&#8211;<\/p>\n\n\n\n<p>Luz Mar\u00eda Ortiz Quintos\u00a0<\/p>\n\n\n\n<p>Instituto Nacional de Consultor\u00eda Familiar<\/p>\n","protected":false},"excerpt":{"rendered":"<p>&#8220;Tanto peca el que mata la vaca como el que le agarra la pata&#8221; Este conocido refr\u00e1n aplica perfectamente a lo ocurrido con la reci\u00e9n aprobada, en lo general, llamada \u201cLey Esp\u00eda\u201d. En este caso, son igualmente responsables tanto quienes la presentaron como quienes la aprobaron. Es importante evidenciar que la funci\u00f3n p\u00fablica, hoy en [&hellip;]<\/p>\n","protected":false},"author":1,"featured_media":136794,"comment_status":"open","ping_status":"open","sticky":false,"template":"","format":"standard","meta":{"footnotes":""},"categories":[12],"tags":[],"_links":{"self":[{"href":"https:\/\/diariodigitalmx.com\/index.php\/wp-json\/wp\/v2\/posts\/137112"}],"collection":[{"href":"https:\/\/diariodigitalmx.com\/index.php\/wp-json\/wp\/v2\/posts"}],"about":[{"href":"https:\/\/diariodigitalmx.com\/index.php\/wp-json\/wp\/v2\/types\/post"}],"author":[{"embeddable":true,"href":"https:\/\/diariodigitalmx.com\/index.php\/wp-json\/wp\/v2\/users\/1"}],"replies":[{"embeddable":true,"href":"https:\/\/diariodigitalmx.com\/index.php\/wp-json\/wp\/v2\/comments?post=137112"}],"version-history":[{"count":2,"href":"https:\/\/diariodigitalmx.com\/index.php\/wp-json\/wp\/v2\/posts\/137112\/revisions"}],"predecessor-version":[{"id":137114,"href":"https:\/\/diariodigitalmx.com\/index.php\/wp-json\/wp\/v2\/posts\/137112\/revisions\/137114"}],"wp:featuredmedia":[{"embeddable":true,"href":"https:\/\/diariodigitalmx.com\/index.php\/wp-json\/wp\/v2\/media\/136794"}],"wp:attachment":[{"href":"https:\/\/diariodigitalmx.com\/index.php\/wp-json\/wp\/v2\/media?parent=137112"}],"wp:term":[{"taxonomy":"category","embeddable":true,"href":"https:\/\/diariodigitalmx.com\/index.php\/wp-json\/wp\/v2\/categories?post=137112"},{"taxonomy":"post_tag","embeddable":true,"href":"https:\/\/diariodigitalmx.com\/index.php\/wp-json\/wp\/v2\/tags?post=137112"}],"curies":[{"name":"wp","href":"https:\/\/api.w.org\/{rel}","templated":true}]}}